{"id":7355,"date":"2020-03-03T21:24:52","date_gmt":"2020-03-04T04:24:52","guid":{"rendered":"https:\/\/ucpaz.wpengine.com\/?p=7355"},"modified":"2020-11-17T08:46:22","modified_gmt":"2020-11-17T15:46:22","slug":"our-planet-cant-wait-5","status":"publish","type":"post","link":"https:\/\/ucpofcentralaz.org\/es\/our-planet-cant-wait-5\/","title":{"rendered":"Poner a las personas primero"},"content":{"rendered":"<div class=\"wpb-content-wrapper\"><div class=\"vc_row wpb_row vc_row-fluid\"><div class=\"wpb_column vc_column_container vc_col-sm-12\"><div class=\"vc_column-inner\"><div class=\"wpb_wrapper\">\n\t<div class=\"wpb_text_column wpb_content_element\" >\n\t\t<div class=\"wpb_wrapper\">\n\t\t\t<p>Una discapacidad se define como &quot;un impedimento f\u00edsico o mental que limita sustancialmente una o m\u00e1s actividades importantes de la vida de ese individuo&quot;.<\/p>\n<p>Si bien eso define una discapacidad, una discapacidad no define a una persona; es solo un atributo, uno que perjudica alguna actividad de la vida. Como cualquier otro atributo, una discapacidad es solo un aspecto de toda la persona. Una ni\u00f1a no es una ni\u00f1a de Downs, es una ni\u00f1a con s\u00edndrome de Down. Este ejemplo del movimiento de \u201cLenguaje de las personas en primer lugar\u201d lo hace bien al poner a la persona <em>antes de<\/em> la discapacidad<\/p>\n\n\t\t<\/div>\n\t<\/div>\n<\/div><\/div><\/div><\/div><div class=\"vc_row wpb_row vc_row-fluid\"><div class=\"wpb_column vc_column_container vc_col-sm-12\"><div class=\"vc_column-inner\"><div class=\"wpb_wrapper\">\n\t<div class=\"wpb_text_column wpb_content_element\" >\n\t\t<div class=\"wpb_wrapper\">\n\t\t\t<blockquote><p>\nNos recuerda que quienes son como persona son lo primero, su discapacidad es solo un adjetivo que describe una parte de ellos.\n<\/p><\/blockquote>\n\n\t\t<\/div>\n\t<\/div>\n<\/div><\/div><\/div><\/div><div class=\"vc_row wpb_row vc_row-fluid\"><div class=\"wpb_column vc_column_container vc_col-sm-12\"><div class=\"vc_column-inner\"><div class=\"wpb_wrapper\">\n\t<div class=\"wpb_text_column wpb_content_element\" >\n\t\t<div class=\"wpb_wrapper\">\n\t\t\t<p>Una discapacidad <em>hace<\/em> hacer a una persona diferente de las dem\u00e1s, as\u00ed como una mujer que es m\u00e1s alta que seis pies tambi\u00e9n es diferente de la mayor\u00eda de las mujeres; Sus atributos \u00fanicos pueden hacer que encontrar ropa sea problem\u00e1tico. De la misma manera, una ni\u00f1a con s\u00edndrome de Down es diferente de otras ni\u00f1as. Sus dedos son m\u00e1s cortos y no tan fuertes, por lo que abotonarse la camisa puede ser m\u00e1s dif\u00edcil para ella. Es m\u00e1s probable que contraiga una enfermedad de la tiroides y, cuando crezca, sus oportunidades de trabajo pueden verse limitadas debido a una discapacidad intelectual. Pero su sonrisa y su personalidad, con todos sus gustos y disgustos, ser\u00e1n exclusivamente suyos. Las personas que la aman llegar\u00e1n a conocer todos sus atributos que van mucho m\u00e1s all\u00e1 de su discapacidad, como el amor por los chistes pr\u00e1cticos.<\/p>\n<p>Ocasionalmente, un miembro del personal de UCP escuchar\u00e1 que &quot;debe ser muy triste trabajar con personas con discapacidades&quot;. Esto no podr\u00eda estar m\u00e1s lejos de la verdad. Primero llegamos a conocer a la persona, con su discapacidad convirti\u00e9ndose en otro rasgo que los hace \u00fanicos. La verdad es que los ni\u00f1os y adultos a quienes servimos en UCP nos ayudan a cada uno de nosotros a enfrentar nuestras propias discapacidades personales; Cuando ayudamos a una ni\u00f1a a superar los obst\u00e1culos que vienen con el S\u00edndrome de Down, ella nos ayuda a superar nuestros propios obst\u00e1culos. Ella borra la ceguera en nuestros corazones que se niega a ver la alegr\u00eda en peque\u00f1os logros. Ella nos muestra c\u00f3mo dar nuestros primeros pasos en cualquier viaje largo de perseverancia, donde las cosas no son f\u00e1ciles. Ella nos ense\u00f1a a llegar con amor a alguien diferente a nosotros. Aprendemos que nuestra discapacidad no es lo que somos, sino una faceta de toda nuestra persona. El personal de UCP tiene los adultos y ni\u00f1os a quienes servimos para agradecer esta comprensi\u00f3n m\u00e1s profunda de nosotros mismos.<\/p>\n<p>Para responder a las necesidades de la comunidad, UCP tiene el compromiso de ayudar a las personas con discapacidades, sin importar d\u00f3nde se encuentren en la vida. Nos honra ser parte de su viaje, ya que nos muestran cosas nuevas y nos ense\u00f1an nuevas lecciones, y nos permiten crecer junto a ellos.<\/p>\n<p>Para obtener m\u00e1s informaci\u00f3n sobre los servicios que UCP ofrece a personas de todas las discapacidades, edades y de todos los \u00e1mbitos de la vida, visite <a href=\"https:\/\/ucpofcentralaz.org\/es\/\">ucpofcentralaz.org<\/a>.<\/p>\n\n\t\t<\/div>\n\t<\/div>\n<div class=\"vc_empty_space\"   style=\"height: 34px\"><span class=\"vc_empty_space_inner\"><\/span><\/div><\/div><\/div><\/div><\/div>\n<\/div>","protected":false},"excerpt":{"rendered":"<p>Una discapacidad se define como &quot;un impedimento f\u00edsico o mental que limita sustancialmente una o m\u00e1s actividades importantes de la vida de ese individuo&quot;.<\/p>\n<p>While that defines a disability, a disability does not define a person; it is only an attribute, one that impairs some life activity. Like any other attribute, a disability is only an aspect of the whole person. A child is not a Downs girl \u2013 she is a little girl with Down Syndrome. This example of the \u201cPeople First Language\u201d movement gets this right by putting the person before the disability.<\/p>","protected":false},"author":15,"featured_media":7356,"comment_status":"open","ping_status":"open","sticky":false,"template":"","format":"standard","meta":{"nf_dc_page":"","footnotes":""},"categories":[61],"tags":[],"class_list":["post-7355","post","type-post","status-publish","format-standard","has-post-thumbnail","hentry","category-research-articles"],"_links":{"self":[{"href":"https:\/\/ucpofcentralaz.org\/es\/wp-json\/wp\/v2\/posts\/7355","targetHints":{"allow":["GET"]}}],"collection":[{"href":"https:\/\/ucpofcentralaz.org\/es\/wp-json\/wp\/v2\/posts"}],"about":[{"href":"https:\/\/ucpofcentralaz.org\/es\/wp-json\/wp\/v2\/types\/post"}],"author":[{"embeddable":true,"href":"https:\/\/ucpofcentralaz.org\/es\/wp-json\/wp\/v2\/users\/15"}],"replies":[{"embeddable":true,"href":"https:\/\/ucpofcentralaz.org\/es\/wp-json\/wp\/v2\/comments?post=7355"}],"version-history":[{"count":0,"href":"https:\/\/ucpofcentralaz.org\/es\/wp-json\/wp\/v2\/posts\/7355\/revisions"}],"wp:featuredmedia":[{"embeddable":true,"href":"https:\/\/ucpofcentralaz.org\/es\/wp-json\/wp\/v2\/media\/7356"}],"wp:attachment":[{"href":"https:\/\/ucpofcentralaz.org\/es\/wp-json\/wp\/v2\/media?parent=7355"}],"wp:term":[{"taxonomy":"category","embeddable":true,"href":"https:\/\/ucpofcentralaz.org\/es\/wp-json\/wp\/v2\/categories?post=7355"},{"taxonomy":"post_tag","embeddable":true,"href":"https:\/\/ucpofcentralaz.org\/es\/wp-json\/wp\/v2\/tags?post=7355"}],"curies":[{"name":"wp","href":"https:\/\/api.w.org\/{rel}","templated":true}]}}