{"id":7379,"date":"2020-03-03T22:34:31","date_gmt":"2020-03-04T05:34:31","guid":{"rendered":"https:\/\/ucpaz.wpengine.com\/?p=7379"},"modified":"2020-11-17T08:45:17","modified_gmt":"2020-11-17T15:45:17","slug":"70-years-of-progress","status":"publish","type":"post","link":"https:\/\/ucpofcentralaz.org\/es\/70-years-of-progress\/","title":{"rendered":"70 a\u00f1os de progreso"},"content":{"rendered":"<div class=\"wpb-content-wrapper\"><div class=\"vc_row wpb_row vc_row-fluid\"><div class=\"wpb_column vc_column_container vc_col-sm-12\"><div class=\"vc_column-inner\"><div class=\"wpb_wrapper\">\n\t<div class=\"wpb_text_column wpb_content_element\" >\n\t\t<div class=\"wpb_wrapper\">\n\t\t\t<p>Hoy, UCP de Arizona central es una de las organizaciones sin fines de lucro m\u00e1s antiguas y valiosas del estado, y presta servicios a casi 3,000 miembros en una amplia gama de discapacidades y demoras. Pero eso no sucedi\u00f3 de la noche a la ma\u00f1ana. Las personas con discapacidad han librado una larga y ardua batalla por la igualdad y el respeto durante d\u00e9cadas, incluso siglos.<\/p>\n<p>Estados Unidos, 1948. En todo el pa\u00eds, en todo el mundo, las personas tratan a las personas con discapacidad como ciudadanos de segunda clase. La persona promedio carece de comprensi\u00f3n de las discapacidades y, como suele ocurrir, esa falta de comprensi\u00f3n se convierte en miedo y prejuicio. Desesperados por ayuda, los padres confinan a sus hijos con discapacidades a instituciones draconianas, priv\u00e1ndolos de la interacci\u00f3n social y el desarrollo personal. Lejos de ayudar, esto solo alimenta la percepci\u00f3n de que las personas con discapacidad no son capaces de disfrutar de una vida plena y rica. Una nueva &quot;ciencia&quot;, llamada eugenesia, le dice al mundo que solo los f\u00edsicamente fuertes son aptos para sobrevivir. Gran parte de la sociedad escucha.<\/p>\n\n\t\t<\/div>\n\t<\/div>\n<\/div><\/div><\/div><\/div><div class=\"vc_row wpb_row vc_row-fluid\"><div class=\"wpb_column vc_column_container vc_col-sm-12\"><div class=\"vc_column-inner\"><div class=\"wpb_wrapper\">\n\t<div class=\"wpb_text_column wpb_content_element\" >\n\t\t<div class=\"wpb_wrapper\">\n\t\t\t<blockquote><p>\nA\u00fan as\u00ed, muchos padres en todo el mundo eligen el amor sobre el miedo y se comprometen a proporcionar la mejor vida posible para sus hijos.\n<\/p><\/blockquote>\n\n\t\t<\/div>\n\t<\/div>\n<\/div><\/div><\/div><\/div><div class=\"vc_row wpb_row vc_row-fluid\"><div class=\"wpb_column vc_column_container vc_col-sm-6\"><div class=\"vc_column-inner\"><div class=\"wpb_wrapper\"><div class=\"vc_empty_space\"   style=\"height: 34px\"><span class=\"vc_empty_space_inner\"><\/span><\/div>\n\t<div class=\"wpb_text_column wpb_content_element\" >\n\t\t<div class=\"wpb_wrapper\">\n\t\t\t<p>Pero sin recursos, servicios o el apoyo de otras familias y profesionales de la salud, se siente como escalar un glaciar en la oscuridad. Los padres se sienten aislados. Indefenso. Solo.<\/p>\n<p>Nadie es inmune, ni siquiera los poderosos. Ingrese a dos parejas prominentes de Nueva York, Leonard e Isabelle Goldenson &amp; Jack y Ethel Hausman, quienes quieren dar a sus propios hijos con par\u00e1lisis cerebral, y a otros como ellos, el futuro m\u00e1s brillante que puedan. Pero como muchos otros, no saben c\u00f3mo. Juntos sacan un anuncio en el New York Herald Tribune, llamando a familias como ellos, familias que desean mejorar los servicios para personas con discapacidades, familias que se niegan a ver a sus seres queridos relegados a los m\u00e1rgenes de la sociedad.<\/p>\n\n\t\t<\/div>\n\t<\/div>\n<\/div><\/div><\/div><div class=\"wpb_column vc_column_container vc_col-sm-6\"><div class=\"vc_column-inner\"><div class=\"wpb_wrapper\">\n\t<div  class=\"wpb_single_image wpb_content_element vc_align_center wpb_content_element\">\n\t\t\n\t\t<figure class=\"wpb_wrapper vc_figure\">\n\t\t\t<div class=\"vc_single_image-wrapper   vc_box_border_grey\"><img loading=\"lazy\" decoding=\"async\" width=\"483\" height=\"587\" src=\"https:\/\/ucpofcentralaz.org\/wp-content\/uploads\/2020\/03\/goldeson-circa-1968-jpg.webp\" class=\"vc_single_image-img attachment-large\" alt=\"Black and white photo of a couple in tuxedos.\" title=\"Black and white photo of a couple in tuxedos.\" srcset=\"https:\/\/ucpofcentralaz.org\/wp-content\/uploads\/2020\/03\/goldeson-circa-1968-jpg.webp 483w, https:\/\/ucpofcentralaz.org\/wp-content\/uploads\/2020\/03\/goldeson-circa-1968-247x300.jpg 247w\" sizes=\"auto, (max-width: 483px) 100vw, 483px\" \/><\/div>\n\t\t<\/figure>\n\t<\/div>\n<\/div><\/div><\/div><\/div><div class=\"vc_row wpb_row vc_row-fluid\"><div class=\"wpb_column vc_column_container vc_col-sm-12\"><div class=\"vc_column-inner\"><div class=\"wpb_wrapper\">\n\t<div class=\"wpb_text_column wpb_content_element\" >\n\t\t<div class=\"wpb_wrapper\">\n\t\t\t<p>La respuesta es inmediata y abrumadora. Cientos de cartas llegan a Goldenson&#039;s y Hausman de padres de todo el pa\u00eds, todos buscando una comunidad lo suficientemente poderosa como para cambiar la percepci\u00f3n err\u00f3nea de la discapacidad en el pa\u00eds. Y as\u00ed, en 1949, naci\u00f3 UCP National, comprometido a mejorar el bienestar de las personas en todas partes y poner las discapacidades en el centro de atenci\u00f3n. Solo que esta vez, estar\u00eda en sus t\u00e9rminos.<\/p>\n<p>Las afiliadas de UCP surgieron en todo el pa\u00eds, y en 1952 un grupo de padres de Phoenix fund\u00f3 una afiliada de Arizona conocida como UCP de Arizona central. En los \u00faltimos 68 a\u00f1os y con la ayuda de algunas familias incre\u00edbles, personal, organizaciones asociadas y nuestros generosos donantes, UCP de Arizona Central ha ayudado a miles de miembros de Arizona y sus familias en su viaje hacia una vida sin l\u00edmites.<\/p>\n\n\t\t<\/div>\n\t<\/div>\n<\/div><\/div><\/div><\/div><div class=\"vc_row wpb_row vc_row-fluid\"><div class=\"wpb_column vc_column_container vc_col-sm-6\"><div class=\"vc_column-inner\"><div class=\"wpb_wrapper\"><div class=\"vc_empty_space\"   style=\"height: 22px\"><span class=\"vc_empty_space_inner\"><\/span><\/div>\n\t<div  class=\"wpb_single_image wpb_content_element vc_align_center wpb_content_element\">\n\t\t\n\t\t<figure class=\"wpb_wrapper vc_figure\">\n\t\t\t<div class=\"vc_single_image-wrapper   vc_box_border_grey\"><img loading=\"lazy\" decoding=\"async\" width=\"587\" height=\"475\" src=\"https:\/\/ucpofcentralaz.org\/wp-content\/uploads\/2020\/03\/goldeson-circa-1958-jpg.webp\" class=\"vc_single_image-img attachment-full\" alt=\"An old photo of a man talking to a woman at the pediatric therapy center.\" title=\"An old photo of a man talking to a woman at the pediatric therapy center.\" srcset=\"https:\/\/ucpofcentralaz.org\/wp-content\/uploads\/2020\/03\/goldeson-circa-1958-jpg.webp 587w, https:\/\/ucpofcentralaz.org\/wp-content\/uploads\/2020\/03\/goldeson-circa-1958-300x243.jpg 300w\" sizes=\"auto, (max-width: 587px) 100vw, 587px\" \/><\/div>\n\t\t<\/figure>\n\t<\/div>\n<\/div><\/div><\/div><div class=\"wpb_column vc_column_container vc_col-sm-6\"><div class=\"vc_column-inner\"><div class=\"wpb_wrapper\"><div class=\"vc_empty_space\"   style=\"height: 15px\"><span class=\"vc_empty_space_inner\"><\/span><\/div>\n\t<div class=\"wpb_text_column wpb_content_element\" >\n\t\t<div class=\"wpb_wrapper\">\n\t\t\t<p>El legado de Goldenson y Hausman de padres comprometidos y afectuosos que hacen todo lo posible para mantener a su familia contin\u00faa hasta nuestros d\u00edas. UCP National trabaja incansablemente en temas como la propiedad de la vivienda, la reforma de la atenci\u00f3n m\u00e9dica, la educaci\u00f3n inclusiva y el empleo competitivo, y mucho m\u00e1s. Mientras haya personas con discapacidades, UCP estar\u00e1 all\u00ed en cada paso del camino, ayud\u00e1ndoles a prosperar en su viaje. Y no lo tendr\u00edamos de otra manera.<\/p>\n\n\t\t<\/div>\n\t<\/div>\n<\/div><\/div><\/div><\/div>\n<\/div>","protected":false},"excerpt":{"rendered":"<p>Hoy, UCP de Arizona central es una de las organizaciones sin fines de lucro m\u00e1s antiguas y valiosas del estado, y presta servicios a casi 3,000 miembros en una amplia gama de discapacidades y demoras. Pero eso no sucedi\u00f3 de la noche a la ma\u00f1ana. Las personas con discapacidad han librado una larga y ardua batalla por la igualdad y el respeto durante d\u00e9cadas, incluso siglos.<\/p>","protected":false},"author":15,"featured_media":0,"comment_status":"open","ping_status":"open","sticky":false,"template":"","format":"standard","meta":{"nf_dc_page":"","footnotes":""},"categories":[65,64],"tags":[],"class_list":["post-7379","post","type-post","status-publish","format-standard","hentry","category-feel-good-stories","category-stories"],"_links":{"self":[{"href":"https:\/\/ucpofcentralaz.org\/es\/wp-json\/wp\/v2\/posts\/7379","targetHints":{"allow":["GET"]}}],"collection":[{"href":"https:\/\/ucpofcentralaz.org\/es\/wp-json\/wp\/v2\/posts"}],"about":[{"href":"https:\/\/ucpofcentralaz.org\/es\/wp-json\/wp\/v2\/types\/post"}],"author":[{"embeddable":true,"href":"https:\/\/ucpofcentralaz.org\/es\/wp-json\/wp\/v2\/users\/15"}],"replies":[{"embeddable":true,"href":"https:\/\/ucpofcentralaz.org\/es\/wp-json\/wp\/v2\/comments?post=7379"}],"version-history":[{"count":0,"href":"https:\/\/ucpofcentralaz.org\/es\/wp-json\/wp\/v2\/posts\/7379\/revisions"}],"wp:attachment":[{"href":"https:\/\/ucpofcentralaz.org\/es\/wp-json\/wp\/v2\/media?parent=7379"}],"wp:term":[{"taxonomy":"category","embeddable":true,"href":"https:\/\/ucpofcentralaz.org\/es\/wp-json\/wp\/v2\/categories?post=7379"},{"taxonomy":"post_tag","embeddable":true,"href":"https:\/\/ucpofcentralaz.org\/es\/wp-json\/wp\/v2\/tags?post=7379"}],"curies":[{"name":"wp","href":"https:\/\/api.w.org\/{rel}","templated":true}]}}