{"id":8390,"date":"2020-11-17T13:34:43","date_gmt":"2020-11-17T20:34:43","guid":{"rendered":"https:\/\/ucpofcentralaz.org\/?p=8390"},"modified":"2021-08-12T13:04:35","modified_gmt":"2021-08-12T20:04:35","slug":"2020-fall-newsletter","status":"publish","type":"post","link":"https:\/\/ucpofcentralaz.org\/es\/2020-fall-newsletter\/","title":{"rendered":"Bolet\u00edn de oto\u00f1o de 2020: nuestro camino a seguir"},"content":{"rendered":"<div class=\"wpb-content-wrapper\"><div class=\"vc_row wpb_row vc_row-fluid\"><div class=\"wpb_column vc_column_container vc_col-sm-12\"><div class=\"vc_column-inner\"><div class=\"wpb_wrapper\"><div class=\"vc_row wpb_row vc_inner vc_row-fluid vc_custom_1605652180707\"><div class=\"wpb_column vc_column_container vc_col-sm-12\"><div class=\"vc_column-inner\"><div class=\"wpb_wrapper\">\n\t<div  class=\"wpb_single_image wpb_content_element vc_align_center wpb_content_element\">\n\t\t\n\t\t<figure class=\"wpb_wrapper vc_figure\">\n\t\t\t<div class=\"vc_single_image-wrapper   vc_box_border_grey\"><img loading=\"lazy\" decoding=\"async\" width=\"2000\" height=\"800\" src=\"https:\/\/ucpofcentralaz.org\/wp-content\/uploads\/2020-fall-newsletter-ucp-jpg.webp\" class=\"vc_single_image-img attachment-full\" alt=\"Fall 2020 newsletter featuring updates on early learning center and pediatric therapy.\" title=\"Fall 2020 newsletter featuring updates on early learning center and pediatric therapy.\" srcset=\"https:\/\/ucpofcentralaz.org\/wp-content\/uploads\/2020-fall-newsletter-ucp-jpg.webp 2000w, https:\/\/ucpofcentralaz.org\/wp-content\/uploads\/2020-fall-newsletter-ucp-600x240.jpg 600w, https:\/\/ucpofcentralaz.org\/wp-content\/uploads\/2020-fall-newsletter-ucp-300x120.jpg 300w, https:\/\/ucpofcentralaz.org\/wp-content\/uploads\/2020-fall-newsletter-ucp-1024x410.jpg 1024w, https:\/\/ucpofcentralaz.org\/wp-content\/uploads\/2020-fall-newsletter-ucp-768x307.jpg 768w, https:\/\/ucpofcentralaz.org\/wp-content\/uploads\/2020-fall-newsletter-ucp-1536x614.jpg 1536w, https:\/\/ucpofcentralaz.org\/wp-content\/uploads\/2020-fall-newsletter-ucp-16x6.jpg 16w\" sizes=\"auto, (max-width: 2000px) 100vw, 2000px\" \/><\/div>\n\t\t<\/figure>\n\t<\/div>\n<div class=\"vc_empty_space\"   style=\"height: 32px\"><span class=\"vc_empty_space_inner\"><\/span><\/div><\/div><\/div><\/div><\/div><div class=\"qodef-shortcode qodef-m  qodef-section-title qodef-alignment--center\">\n\t\t\t\t<h2 class=\"qodef-m-title\" >\n\t\t\t\t\tPOSIBILIDADES REALIZADAS \u2122\t\t\t<\/h2>\n\t<\/div><div class=\"vc_row wpb_row vc_inner vc_row-fluid\"><div class=\"wpb_column vc_column_container vc_col-sm-12\"><div class=\"vc_column-inner vc_custom_1605651055629\"><div class=\"wpb_wrapper\">\n\t<div class=\"wpb_text_column wpb_content_element\" >\n\t\t<div class=\"wpb_wrapper\">\n\t\t\t<h2 id=\"ceo-message\" style=\"text-align: left;\">Mensaje del CEO<\/h2>\n<p><strong>Queridos colegas,<\/strong><\/p>\n<p><strong><img decoding=\"async\" loading=\"lazy\" class=\"wp-image-8383 size-medium alignright\" src=\"https:\/\/ucpofcentralaz.org\/wp-content\/uploads\/01-2-300x228.jpg\" alt=\"\" width=\"300\" height=\"228\" title=\"\" srcset=\"https:\/\/ucpofcentralaz.org\/wp-content\/uploads\/01-2-300x228.jpg 300w, https:\/\/ucpofcentralaz.org\/wp-content\/uploads\/01-2-600x456.jpg 600w, https:\/\/ucpofcentralaz.org\/wp-content\/uploads\/01-2-1024x778.jpg 1024w, https:\/\/ucpofcentralaz.org\/wp-content\/uploads\/01-2-768x583.jpg 768w, https:\/\/ucpofcentralaz.org\/wp-content\/uploads\/01-2-1536x1166.jpg 1536w, https:\/\/ucpofcentralaz.org\/wp-content\/uploads\/01-2-jpg.webp 1990w\" sizes=\"auto, (max-width: 300px) 100vw, 300px\" \/>La situaci\u00f3n del COVID-19 ha evolucionado m\u00e1s de lo que cualquiera de nosotros podr\u00eda haber imaginado desde marzo de 2020 cuando UCP se vio obligada a cerrar sus puertas f\u00edsicas por nuestra seguridad.<\/strong><\/p>\n<p>La Organizaci\u00f3n Mundial de la Salud ha declarado este brote como una pandemia. Muchos gobiernos de todo el mundo han tomado medidas m\u00e1s estrictas y de mayor impacto para garantizar la seguridad de sus ciudadanos. Adem\u00e1s de las preocupaciones de salud graves e inmediatas, estamos viendo un impacto mucho m\u00e1s amplio en las vidas de nuestros empleados y las familias y las personas a las que servimos en UCP. Es comprensible que haya una gran sensaci\u00f3n de malestar en todas partes.<\/p>\n<p>Es desde esta perspectiva que me gustar\u00eda compartir mis pensamientos. En primer lugar, me gustar\u00eda agradecerle por lo que ya ha hecho para superar esta crisis y mantenerse comprometido con UCP y nuestra misi\u00f3n. Su compromiso marca la diferencia en las vidas que continuamos sirviendo en UCP.<\/p>\n<p>Tambi\u00e9n me gustar\u00eda asegurarles que, como organizaci\u00f3n sin fines de lucro con una historia muy exitosa de 70 a\u00f1os, somos resistentes. UCP tom\u00f3 los pasos importantes para reabrir de manera segura en julio, adoptando un enfoque cauteloso y gradual y asegur\u00e1ndose de tener un plan de reapertura completo que se basara en las recomendaciones y pautas de los CDC.<\/p>\n<p>D\u00e9jame agregar una nota personal. Junto con todos los dem\u00e1s en UCP, estoy trabajando arduamente para hacer frente a esta crisis. Como la mayor\u00eda de ustedes, tambi\u00e9n tengo una familia de la que preocuparme. En momentos como estos, la lista de preocupaciones puede ser larga para todos y no hay excepciones. Sin embargo, tambi\u00e9n estoy convencido de que superaremos esto si nos mantenemos diligentes y esperanzados. Por favor, cuiden de ustedes y de sus familias.<\/p>\n<p>- Brenda Hanserd, directora ejecutiva, UCP de Central AZ<\/p>\n\n\t\t<\/div>\n\t<\/div>\n<\/div><\/div><\/div><\/div><div class=\"vc_row wpb_row vc_inner vc_row-fluid\"><div class=\"wpb_column vc_column_container vc_col-sm-4 vc_col-has-fill\"><div class=\"vc_column-inner vc_custom_1605648612719\"><div class=\"wpb_wrapper\">\n\t<div class=\"wpb_text_column wpb_content_element\" >\n\t\t<div class=\"wpb_wrapper\">\n\t\t\t<h2 id=\"grand-raffle\" style=\"text-align: center;\"><strong>\u00a1Participe en nuestra gran rifa y podr\u00e1 ganar cualquiera de los 15 premios incre\u00edbles! <\/strong><\/h2>\n<p><a href=\"https:\/\/ucpofcentralaz.org\/es\/ucp-grand-raffle\/\"><img decoding=\"async\" loading=\"lazy\" class=\"wp-image-8378 aligncenter\" src=\"https:\/\/ucpofcentralaz.org\/wp-content\/uploads\/UCP-Raffle-ad-1-300x251.png\" alt=\"\" width=\"402\" height=\"337\" title=\"\" srcset=\"https:\/\/ucpofcentralaz.org\/wp-content\/uploads\/UCP-Raffle-ad-1-300x251.png 300w, https:\/\/ucpofcentralaz.org\/wp-content\/uploads\/UCP-Raffle-ad-1-600x503.png 600w, https:\/\/ucpofcentralaz.org\/wp-content\/uploads\/UCP-Raffle-ad-1-768x644.png 768w, https:\/\/ucpofcentralaz.org\/wp-content\/uploads\/UCP-Raffle-ad-1.png 940w\" sizes=\"auto, (max-width: 402px) 100vw, 402px\" \/><\/a><\/p>\n<p>Tenemos la misi\u00f3n de recaudar $20,000 para nuestra Cl\u00ednica de Terapia Laura Dozer. La compra de su boleto de rifa le dar\u00e1 la oportunidad a un ni\u00f1o de descubrir todo su potencial y le dar\u00e1 a USTED la oportunidad de ganar. Algunos de los premios en juego incluyen un bolso Louis Vuitton, una parrilla Traeger, un dron, un viaje de pesca con mosca, una experiencia de golf en Troon North y herramientas RYOBI.<\/p>\n<p>Compre sus boletos ahora llamando al (602) 828-0950. \u00a1Tus probabilidades de ganar son altas! <a href=\"https:\/\/ucpofcentralaz.org\/es\/ucp-grand-raffle\/\">https:\/\/ucpofcentralaz.org\/ucp-grand-raffle\/<\/a><\/p>\n<hr style=\"clear: both;\" \/>\n\n\t\t<\/div>\n\t<\/div>\n\n\t<div class=\"wpb_text_column wpb_content_element vc_custom_1605653587644\" >\n\t\t<div class=\"wpb_wrapper\">\n\t\t\t<h2 id=\"national-research-committee\" style=\"text-align: center;\"><strong>Comit\u00e9 Nacional de Investigaci\u00f3n de la UCP<\/strong><img decoding=\"async\" loading=\"lazy\" class=\"wp-image-8384 aligncenter\" src=\"https:\/\/ucpofcentralaz.org\/wp-content\/uploads\/doctors-pieraccini-kruer-300x216.jpg\" alt=\"\" width=\"402\" height=\"290\" title=\"\" srcset=\"https:\/\/ucpofcentralaz.org\/wp-content\/uploads\/doctors-pieraccini-kruer-300x216.jpg 300w, https:\/\/ucpofcentralaz.org\/wp-content\/uploads\/doctors-pieraccini-kruer-600x432.jpg 600w, https:\/\/ucpofcentralaz.org\/wp-content\/uploads\/doctors-pieraccini-kruer-jpg.webp 700w\" sizes=\"auto, (max-width: 402px) 100vw, 402px\" \/><\/h2>\n<p>Felicitaciones al Dr. Michael Kruer, miembro de la Junta de UCP, y a Valerie Pieraccini, Directora de Programas de Terapia y Centro de Aprendizaje Temprano de la UCP, por haber sido elegidos como copresidentes del Comit\u00e9 Nacional de Investigaci\u00f3n de la UCP. El enfoque del comit\u00e9 es la identificaci\u00f3n temprana y el tratamiento temprano. de par\u00e1lisis cerebral y trastornos relacionados. El comit\u00e9 se dedica a promover la investigaci\u00f3n traslacional para ni\u00f1os mediante el avance de la investigaci\u00f3n biom\u00e9dica y terap\u00e9utica, incluida la promoci\u00f3n de iniciativas basadas en la evidencia que culminan en v\u00edas de atenci\u00f3n factibles para los m\u00e9dicos y las familias.<\/p>\n\n\t\t<\/div>\n\t<\/div>\n<\/div><\/div><\/div><div class=\"wpb_column vc_column_container vc_col-sm-8\"><div class=\"vc_column-inner vc_custom_1605650797603\"><div class=\"wpb_wrapper\">\n\t<div class=\"wpb_text_column wpb_content_element\" >\n\t\t<div class=\"wpb_wrapper\">\n\t\t\t<h2 id=\"independence\"><strong>El viaje hacia la independencia no se detiene<\/strong><\/h2>\n<h4>\u00bfPuede imaginarse c\u00f3mo es para una persona con discapacidad comprender y dar sentido a lo que est\u00e1 sucediendo en el mundo de hoy?<\/h4>\n<p>De un d\u00eda para otro, te est\u00e1n quitando todo lo que sabes. Ya no tienes una rutina ni el tratamiento y la formaci\u00f3n necesarios para ayudarte a continuar en tu viaje de independencia ...<\/p>\n<p>El 26 de marzo de 2020, UCP se vio obligada a cerrar nuestro Programa de Entrenamiento y Tratamiento Diurno (DTA) abruptamente debido al brote pand\u00e9mico. Siguiendo las pautas de los CDC, un total de treinta miembros de UCP fueron enviados a casa, la mayor\u00eda de los cuales tienen una discapacidad del desarrollo y lucharon por comprender este cambio repentino. El cierre caus\u00f3 muchos trastornos en las vidas de nuestros miembros de DTA y sus familias, quienes ahora enfrentaban el desaf\u00edo de no tener ayuda adicional para cuidar a su ser querido.<\/p>\n<p>Desde entonces, el programa DTA de UCP ha progresado de manera constante y segura, gracias a los fondos de The Arc of Arizona y el Consejo de Planificaci\u00f3n de Discapacidades del Desarrollo de Arizona, Compromiso y Confort durante la pandemia de COVID-19. La financiaci\u00f3n nos permiti\u00f3 poder interactuar con nuestros miembros desde lejos con actividades divertidas enviadas por correo. \u00a1Poco despu\u00e9s pudimos extender nuestro compromiso virtualmente! Las sesiones virtuales ofrecieron una valiosa interacci\u00f3n social y compromiso a nuestros miembros confinados en casa. Lo mejor de todo es que les dio una sensaci\u00f3n de consuelo y alegr\u00eda ver rostros familiares, a quienes tanto extra\u00f1aron.<\/p>\n<p>Un miembro en particular es Sam. Sam ha estado viniendo al programa DTA durante 5 a\u00f1os. Tiene discapacidad intelectual y es principalmente no verbal. Antes del cierre de DTA, Sam hab\u00eda estado recibiendo terapia del habla para ayudarlo a vocalizar palabras simples y comunicarse usando el lenguaje de se\u00f1as b\u00e1sico. Su terapia fue reforzada en DTA por su proveedor de apoyo directo (DSP) que practicaba el lenguaje de se\u00f1as con \u00e9l. El progreso verbal de Sam prosperaba y progresaba. Entonces, ocurri\u00f3 la pandemia. A Sam le dijeron que ya no asistir\u00eda al programa DTA, ni que podr\u00eda ver a sus amigos y proveedores. Esto no fue f\u00e1cil para Sam y desafortunadamente tuvo que estar aislado en su hogar grupal por m\u00e1s de 5 meses.<\/p>\n<p>Avance r\u00e1pido hasta agosto, UCP pudo reabrir parcialmente el programa DTA, por supuesto, \u00a1Sam fue uno de los primeros en regresar! Debido a tantos cambios, Sam fue asignado a una nueva clase y un nuevo DSP, lo que hizo que Sam recurriera a los viejos h\u00e1bitos de se\u00f1alar y hacer sonidos en lugar de usar las palabras que conoc\u00eda. El DSP de Sam r\u00e1pidamente se dio cuenta de que ten\u00eda que pensar en formas de hacer que Sam se sintiera c\u00f3modo para que las habilidades que Sam trabaj\u00f3 tan duro en aprender no fueran olvidadas. \u00a1El maestro de Sam no tard\u00f3 en darse cuenta de que ama a Bob Esponja! De inmediato encontr\u00f3 actividades divertidas para \u00e9l relacionadas con el personaje de dibujos animados y las criaturas marinas. Incluso le trajo un pez dorado para su escritorio. La respuesta de Sam fue asombrosa. Us\u00f3 sus palabras para nombrar a su nuevo pez mascota &quot;Bob Esponja&quot;. Sam ha asumido toda la responsabilidad de cuidar a Bob Esponja y comparte con entusiasmo con sus amigos de DTA todas las tonter\u00edas que hace su pez. Sam se siente c\u00f3modo de nuevo y est\u00e1 muy feliz de volver al programa DTA con las caras conocidas que conoce y ama.<\/p>\n<p><img decoding=\"async\" loading=\"lazy\" class=\"wp-image-8386 aligncenter\" src=\"https:\/\/ucpofcentralaz.org\/wp-content\/uploads\/spongebob-fish-300x173.jpg\" alt=\"\" width=\"884\" height=\"510\" title=\"\" srcset=\"https:\/\/ucpofcentralaz.org\/wp-content\/uploads\/spongebob-fish-300x173.jpg 300w, https:\/\/ucpofcentralaz.org\/wp-content\/uploads\/spongebob-fish-jpg.webp 600w\" sizes=\"auto, (max-width: 884px) 100vw, 884px\" \/><\/p>\n<hr style=\"clear: both;\" \/>\n\n\t\t<\/div>\n\t<\/div>\n<\/div><\/div><\/div><\/div><div class=\"vc_row wpb_row vc_inner vc_row-fluid\"><div class=\"wpb_column vc_column_container vc_col-sm-12\"><div class=\"vc_column-inner\"><div class=\"wpb_wrapper\"><\/div><\/div><\/div><\/div><div class=\"vc_row wpb_row vc_inner vc_row-fluid\"><div class=\"wpb_column vc_column_container vc_col-sm-6\"><div class=\"vc_column-inner\"><div class=\"wpb_wrapper\">\n\t<div class=\"wpb_text_column wpb_content_element\" >\n\t\t<div class=\"wpb_wrapper\">\n\t\t\t<h2 id=\"virtual-event\"><strong>UCP Strong - Evento virtual del campe\u00f3n<\/strong><\/h2>\n<p><img decoding=\"async\" loading=\"lazy\" class=\"wp-image-8375 aligncenter\" src=\"https:\/\/ucpofcentralaz.org\/wp-content\/uploads\/Jack-Florez-1-300x200.jpg\" alt=\"\" width=\"644\" height=\"429\" title=\"\" srcset=\"https:\/\/ucpofcentralaz.org\/wp-content\/uploads\/Jack-Florez-1-300x200.jpg 300w, https:\/\/ucpofcentralaz.org\/wp-content\/uploads\/Jack-Florez-1-scaled-600x400.jpg 600w, https:\/\/ucpofcentralaz.org\/wp-content\/uploads\/Jack-Florez-1-1024x683.jpg 1024w, https:\/\/ucpofcentralaz.org\/wp-content\/uploads\/Jack-Florez-1-768x512.jpg 768w, https:\/\/ucpofcentralaz.org\/wp-content\/uploads\/Jack-Florez-1-1536x1024.jpg 1536w, https:\/\/ucpofcentralaz.org\/wp-content\/uploads\/Jack-Florez-1-2048x1365.jpg 2048w\" sizes=\"auto, (max-width: 644px) 100vw, 644px\" \/>UCP de Arizona Central tuvo su primera recaudaci\u00f3n de fondos virtual el 18 de agosto<sup>th<\/sup>. Presentado por Jack Florez, de catorce a\u00f1os.<\/p>\n<p>UCP de Arizona Central tuvo su primera recaudaci\u00f3n de fondos virtual el 18 de agosto<sup>th<\/sup>. \u00a1Con la presencia de Jack Florez, de catorce a\u00f1os, cuya par\u00e1lisis cerebral nunca le ha impedido hacer cosas como ser el presentador de un evento completo! UCP Strong: Champions &#039;Virtual Event present\u00f3 un programa en l\u00ednea de treinta minutos que llev\u00f3 a los espectadores a trav\u00e9s de la importancia del trabajo de UCP y comparti\u00f3 testimonios de personas y sus familias cuyas vidas han sido impactadas por UCP.<\/p>\n<p>Al llegar a m\u00e1s de 200 personas y recaudar m\u00e1s de $90,000, el evento fue un gran \u00e9xito. El evento demostr\u00f3 que en todas las circunstancias, UCP se mantiene fuerte.<\/p>\n<p>Un enorme agradecimiento para nuestro patrocinador presentador Blue Cross Blue Shield of Arizona y muchos otros patrocinadores incre\u00edbles y donantes en especie que hicieron posible nuestro noveno evento Champions y nuestro primer evento virtual.<\/p>\n\n\t\t<\/div>\n\t<\/div>\n<div class=\"vc_empty_space\"   style=\"height: 15px\"><span class=\"vc_empty_space_inner\"><\/span><\/div><a class=\"qodef-shortcode qodef-m  qodef-button qodef-layout--filled  qodef-html--link\" href=\"https:\/\/ucpofcentralaz.org\/es\/ucp-strong-champions-virtual-event\/\" target=\"_self\"  >\n\t<span class=\"qodef-m-text\">Ver ahora<\/span>\n<\/a><div class=\"vc_empty_space\"   style=\"height: 15px\"><span class=\"vc_empty_space_inner\"><\/span><\/div><div class=\"vc_separator wpb_content_element vc_separator_align_center vc_sep_width_20 vc_sep_border_width_3 vc_sep_pos_align_center vc_separator_no_text vc_sep_color_black wpb_content_element  wpb_content_element\" ><span class=\"vc_sep_holder vc_sep_holder_l\"><span class=\"vc_sep_line\"><\/span><\/span><span class=\"vc_sep_holder vc_sep_holder_r\"><span class=\"vc_sep_line\"><\/span><\/span>\n<\/div><\/div><\/div><\/div><div class=\"wpb_column vc_column_container vc_col-sm-6 vc_col-has-fill\"><div class=\"vc_column-inner vc_custom_1605648865869\"><div class=\"wpb_wrapper\">\n\t<div class=\"wpb_text_column wpb_content_element vc_custom_1605659304695\" >\n\t\t<div class=\"wpb_wrapper\">\n\t\t\t<h2 id=\"teletherapy\"><strong>UCP involucra a familias en teleterapia para sostener cuidados intensivos durante una pandemia<\/strong><\/h2>\n<p>Para los ni\u00f1os con discapacidades como par\u00e1lisis cerebral, autismo y otros retrasos en el desarrollo, detener la terapia no es una opci\u00f3n. Los estudios muestran que el 90 por ciento del crecimiento del cerebro ocurre antes de los cinco a\u00f1os. Es por eso que la UCP de Arizona Central lanz\u00f3 r\u00e1pidamente los servicios de teleterapia, haciendo que las sesiones de terapia virtual e individual sean una realidad para los padres.<\/p>\n<p><strong>\u201cLa continuidad es especialmente importante para quienes reciben tratamiento y terapia\u201d, dijo Brenda Hanserd, directora ejecutiva de UCP de Arizona central. \u201cNuestra prioridad n\u00famero uno era brindar a nuestras familias opciones alternativas para garantizar que el tratamiento y la terapia continuaran sin interrupciones\u201d.<\/strong><\/p>\n<p><img decoding=\"async\" loading=\"lazy\" class=\"size-medium wp-image-8376 alignleft\" src=\"https:\/\/ucpofcentralaz.org\/wp-content\/uploads\/UCP-Teletherapy-300x225.jpg\" alt=\"\" width=\"300\" height=\"225\" title=\"\" srcset=\"https:\/\/ucpofcentralaz.org\/wp-content\/uploads\/UCP-Teletherapy-300x225.jpg 300w, https:\/\/ucpofcentralaz.org\/wp-content\/uploads\/UCP-Teletherapy-600x450.jpg 600w, https:\/\/ucpofcentralaz.org\/wp-content\/uploads\/UCP-Teletherapy-1024x768.jpg 1024w, https:\/\/ucpofcentralaz.org\/wp-content\/uploads\/UCP-Teletherapy-768x576.jpg 768w, https:\/\/ucpofcentralaz.org\/wp-content\/uploads\/UCP-Teletherapy-jpg.webp 1328w\" sizes=\"auto, (max-width: 300px) 100vw, 300px\" \/>Durante las sesiones de teleterapia, un terapeuta autorizado de la UCP visita virtualmente a las familias mediante una videollamada bidireccional segura. Las sesiones de terapia remota se llevan a cabo en estrecha colaboraci\u00f3n entre terapeutas, pacientes y padres o cuidadores en el hogar. El objetivo de las sesiones es continuar manteniendo el progreso de un ni\u00f1o o adolescente con necesidades especiales y mantener los protocolos priorizados sin perder el ritmo. Adem\u00e1s, las sesiones virtuales les dieron a las familias de UCP ideas para usar herramientas y objetos en la casa para ayudar a dominar nuevas habilidades y ayudar en las funciones diarias. Los padres ahora pueden participar m\u00e1s que nunca, utilizando t\u00e9cnicas pr\u00e1cticas para ayudar a sus hijos a lograr milagros cotidianos en casa.<\/p>\n<p><strong>\u201cLas familias a las que servimos dependen de nuestra capacidad para brindar acceso a la terapia diaria, ya sea virtual como ahora o en persona como lo hemos hecho durante a\u00f1os\u201d, dijo Hanserd. \u201cDesafortunadamente, para algunas de nuestras familias, su seguro no cubre los servicios y tienen que decidir entre pagar de su bolsillo o simplemente no pueden pagarlo. Agradezco a nuestros donantes que nos han apoyado a lo largo de los a\u00f1os. Ahora m\u00e1s que nunca, nuestras familias podr\u00edan utilizar el apoyo financiero para poder recibir terapia ininterrumpida &quot;.<\/strong><\/p>\n<p>Sea parte del viaje de un ni\u00f1o y ay\u00fadelo a continuar con los servicios que necesita y merece. <a href=\"\/es\/donate\/\">Done aqu\u00ed.<\/a><\/p>\n\n\t\t<\/div>\n\t<\/div>\n<\/div><\/div><\/div><\/div><div class=\"vc_row wpb_row vc_inner vc_row-fluid\"><div class=\"wpb_column vc_column_container vc_col-sm-12\"><div class=\"vc_column-inner\"><div class=\"wpb_wrapper\"><\/div><\/div><\/div><\/div><div class=\"vc_row wpb_row vc_inner vc_row-fluid\"><div class=\"wpb_column vc_column_container vc_col-sm-12\"><div class=\"vc_column-inner\"><div class=\"wpb_wrapper\">\n\t<div class=\"wpb_text_column wpb_content_element vc_custom_1605650902685\" >\n\t\t<div class=\"wpb_wrapper\">\n\t\t\t<h2 id=\"krista\"><strong>Krista es imparable<\/strong><\/h2>\n<p>Kathy no iba a permitir que una pandemia detuviera el buen trabajo de Krista\u2026 Las personas hacen m\u00e1s que solo el cuidado diario, aprenden y crecen juntos, practicando habilidades para vivir una vida independiente y con prop\u00f3sito.<\/p>\n<p><img decoding=\"async\" loading=\"lazy\" class=\"wp-image-8385 alignleft\" src=\"https:\/\/ucpofcentralaz.org\/wp-content\/uploads\/krista-kathy-300x169.jpg\" alt=\"\" width=\"435\" height=\"245\" title=\"\" srcset=\"https:\/\/ucpofcentralaz.org\/wp-content\/uploads\/krista-kathy-300x169.jpg 300w, https:\/\/ucpofcentralaz.org\/wp-content\/uploads\/krista-kathy-600x338.jpg 600w, https:\/\/ucpofcentralaz.org\/wp-content\/uploads\/krista-kathy-1024x576.jpg 1024w, https:\/\/ucpofcentralaz.org\/wp-content\/uploads\/krista-kathy-768x432.jpg 768w, https:\/\/ucpofcentralaz.org\/wp-content\/uploads\/krista-kathy-1536x864.jpg 1536w, https:\/\/ucpofcentralaz.org\/wp-content\/uploads\/krista-kathy-jpg.webp 1920w\" sizes=\"auto, (max-width: 435px) 100vw, 435px\" \/>Krista, de 22 a\u00f1os, que fue diagnosticada con s\u00edndrome de Down, recibe atenci\u00f3n de su madre Kathy a trav\u00e9s de nuestros Servicios basados en el hogar y la comunidad (HCBS). Aunque Krista es muy independiente, su \u00e9xito se debe a sus proveedores de atenci\u00f3n, incluida su madre Kathy, que la impulsa todos los d\u00edas a aprender nuevas habilidades y desafiar su potencial. Krista recientemente comparti\u00f3 con nosotros su mayor logro. Krista ha sido voluntaria en las aulas de jard\u00edn de infantes en cuatro escuelas primarias desde que se gradu\u00f3 de la escuela secundaria en 2016. Ha ayudado con todo, desde tableros de anuncios hasta archivar documentos, juegos de bingo y tarjetas con el alfabeto. Con el apoyo de su madre, Krista estaba trabajando para conseguir patrocinadores que la ayudaran a transformar su trabajo voluntario en un trabajo de medio tiempo. Desafortunadamente, COVID-19 detuvo esa oportunidad y su trabajo en el aula.<\/p>\n<p>Pero Kathy no iba a permitir que una pandemia detuviera el buen trabajo de Krista. Bas\u00e1ndose en sus propias habilidades en la ense\u00f1anza y la tecnolog\u00eda, Kathy trabaja con paciencia y perseverancia para crear videos de 45 segundos de Krista que demuestran &quot;la letra de la semana&quot;. Varios de los profesores voluntarios de Krista muestran sus videos a sus estudiantes. Los ni\u00f1os de kindergarten no solo aprenden el alfabeto, sino que tambi\u00e9n aprenden sobre personas que tienen habilidades diferentes y \u00fanicas, como Krista.<\/p>\n<p>\u201cTodos luchamos con el cambio. Para las personas con discapacidades, puede ser m\u00e1s dif\u00edcil entender que esto tambi\u00e9n pasar\u00e1 y que, eventualmente, la vida volver\u00e1 a ser lo que recordamos o al menos ser\u00e1 una norma nueva y emocionante que podamos adoptar \u201d. dice Kathy.<\/p>\n<p>El programa basado en el hogar y la comunidad de UCP est\u00e1 disponible tanto para ni\u00f1os como para adultos que reciben servicios de la Divisi\u00f3n de Discapacidades del Desarrollo (DDD). El objetivo del programa es brindar una atenci\u00f3n altamente personalizada, atenta y bien capacitada. Las personas hacen algo m\u00e1s que el cuidado diario, aprenden y crecen juntos, practicando habilidades para vivir una vida independiente y con prop\u00f3sito.<\/p>\n<p>Cuando las empresas cerraron sus puertas en marzo debido a la pandemia, el programa HCBS necesit\u00f3 m\u00e1s horas de apoyo en el hogar. La agencia reguladora estatal emiti\u00f3 algunas flexibilidades, autorizando m\u00e1s horas de atenci\u00f3n para muchas personas. Antes de la pandemia, el personal de UCP trabaj\u00f3 colectivamente m\u00e1s de 2500 horas con nuestros miembros en el cuidado de HCBS. Durante el apogeo de la cuarentena, llegamos a casi 3.000 horas de atenci\u00f3n. La demanda est\u00e1 cayendo levemente a medida que reanudamos algunas actividades fuera del hogar, pero la necesidad desde julio ha sido consistentemente superior a las 2.600 horas.<\/p>\n\n\t\t<\/div>\n\t<\/div>\n<\/div><\/div><\/div><\/div><\/div><\/div><\/div><div class=\"wpb_column vc_column_container vc_col-sm-12 vc_col-has-fill\"><div class=\"vc_column-inner vc_custom_1605652549970\"><div class=\"wpb_wrapper\"><div class=\"vc_row wpb_row vc_inner vc_row-fluid\"><div class=\"wpb_column vc_column_container vc_col-sm-12\"><div class=\"vc_column-inner\"><div class=\"wpb_wrapper\">\n\t<div class=\"wpb_text_column wpb_content_element\" >\n\t\t<div class=\"wpb_wrapper\">\n\t\t\t<h2 id=\"community-support\"><strong>El apoyo comunitario cambia vidas<\/strong><\/h2>\n\n\t\t<\/div>\n\t<\/div>\n<\/div><\/div><\/div><\/div><div class=\"vc_row wpb_row vc_inner vc_row-fluid\"><div class=\"wpb_column vc_column_container vc_col-sm-6\"><div class=\"vc_column-inner\"><div class=\"wpb_wrapper\">\n\t<div class=\"wpb_text_column wpb_content_element vc_custom_1605652570382\" >\n\t\t<div class=\"wpb_wrapper\">\n\t\t\t<p><em>Gracias a nuestros socios comunitarios cuyos fondos apoyan a UCP de Arizona Central y a cientos de ni\u00f1os y adultos con discapacidades. <\/em><\/p>\n<p><strong>Loter\u00eda de Arizona - $50,000\u00a0<\/strong>fondos para apoyar becas de terapia del habla y el lenguaje y alimentaci\u00f3n para ni\u00f1os sin seguro o fondos estatales. Sin la capacidad de comunicarse con claridad, los ni\u00f1os pierden el acceso a muchas de las experiencias educativas que los convertir\u00e1n en adultos.<\/p>\n<p><strong>Granja estatal - <\/strong>\u00a0<strong>$2,500 <\/strong>fondos para el nuevo sal\u00f3n de clases de Pre-K del Centro de Aprendizaje Temprano y ayudar a garantizar que los ni\u00f1os est\u00e9n listos para una transici\u00f3n exitosa al jard\u00edn de infantes.<\/p>\n<p><strong>Tienda Walmart #5330 - $2,500<\/strong>\u00a0fondos para el nuevo sal\u00f3n de clases de Pre-K del Centro de Aprendizaje Temprano y ayudar a garantizar que los ni\u00f1os est\u00e9n listos para una transici\u00f3n exitosa al jard\u00edn de infantes.<\/p>\n<p><strong>Diamondbacks de Arizona - $5,000\u00a0<\/strong>fondos para el aula preescolar de ELC para la compra de suministros y recursos necesarios en el aula.<\/p>\n<p><strong>Cardenales de Arizona<\/strong>- <strong>$3,500\u00a0<\/strong>financiaci\u00f3n que permiti\u00f3 al Centro de Aprendizaje Temprano comprar cuatro triciclos y escaladores de interior y exterior que permitir\u00e1n a los ni\u00f1os mejorar su coordinaci\u00f3n y sus habilidades motoras.<\/p>\n\n\t\t<\/div>\n\t<\/div>\n<\/div><\/div><\/div><div class=\"wpb_column vc_column_container vc_col-sm-6\"><div class=\"vc_column-inner\"><div class=\"wpb_wrapper\">\n\t<div class=\"wpb_text_column wpb_content_element\" >\n\t\t<div class=\"wpb_wrapper\">\n\t\t\t<p><strong>Fundaci\u00f3n Rob &amp; Melani Walton<\/strong>- <strong>$5,000\u00a0<\/strong>financiamiento que permiti\u00f3 a la Cl\u00ednica de Terapia UCP comprar equipo nuevo y actualizado para nuestra cl\u00ednica de terapia; colchonetas de terapia, escaleras de terapia, soporte para bolas de ejercicio, barras paralelas y una unidad de almacenamiento al aire libre para bicicletas y equipos terap\u00e9uticos.<\/p>\n<p><strong>The Arc Arizona - $1,182 <\/strong>financiamiento para nuestro Programa de Entrenamiento y Tratamiento Diurno para Adultos para financiar elementos de participaci\u00f3n y curr\u00edculo para nuestros miembros adultos para ayudar a aumentar la socializaci\u00f3n, reducir la ansiedad y disminuir el aislamiento durante la pandemia.<\/p>\n<p><strong>Albertsons, Safeway y Vons- $3,000 <\/strong>financiamiento para proporcionar alimentos especializados para nuestro Centro de Aprendizaje Temprano para ayudar a crear h\u00e1bitos alimenticios saludables y reemplazar y mejorar el equipo de cocina comercial necesario en la cocina del programa.<\/p>\n<p><strong>Fundaci\u00f3n West Valley Maverick - $500 <\/strong>fondos para comprar tecnolog\u00eda de asistencia terap\u00e9utica para ayudar a los ni\u00f1os peque\u00f1os con retrasos o trastornos motores a jugar y explorar su mundo.<\/p>\n<p><strong>MAG - $15,470 <\/strong>Los fondos permitir\u00e1n a UCP mantener nuestros veh\u00edculos en funcionamiento adecuado que se utilizan para transportar 100% de nuestros participantes adultos hacia y desde el Programa de Entrenamiento y Tratamiento Diurno.<\/p>\n\n\t\t<\/div>\n\t<\/div>\n<\/div><\/div><\/div><\/div><\/div><\/div><\/div><\/div><div class=\"vc_row wpb_row vc_row-fluid\"><div class=\"wpb_column vc_column_container vc_col-sm-8\"><div class=\"vc_column-inner\"><div class=\"wpb_wrapper\">\n\t<div class=\"wpb_text_column wpb_content_element\" >\n\t\t<div class=\"wpb_wrapper\">\n\t\t\t<h2 id=\"circle-k\"><strong>Como cliente de Circle K, eres parte de nuestra familia<\/strong><\/h2>\n<p>Puede que no lo hayas notado, pero en un momento has apoyado nuestra causa sin siquiera darte cuenta. \u00bfC\u00f3mo, preguntas? Bueno, \u00bfsab\u00edas que las tiendas de conveniencia 630 Circle K de Arizona han sido un lugar donde UCP ha llegado al coraz\u00f3n de miles de personas? \u00a1Gracias a Circle K, UCP tiene un lugar destacado en los mostradores de pago donde millones de clientes como usted han estado dejando monedas y haciendo que sucedan milagros en las vidas de las personas con discapacidades! Gracias y esperamos que contin\u00fae apoy\u00e1ndonos. Las necesidades de las personas con discapacidad no se detienen a pesar de una pandemia.<\/p>\n\n\t\t<\/div>\n\t<\/div>\n<div class=\"vc_empty_space\"   style=\"height: 20px\"><span class=\"vc_empty_space_inner\"><\/span><\/div><\/div><\/div><\/div><div class=\"wpb_column vc_column_container vc_col-sm-4\"><div class=\"vc_column-inner\"><div class=\"wpb_wrapper\"><div class=\"vc_empty_space\"   style=\"height: 15px\"><span class=\"vc_empty_space_inner\"><\/span><\/div>\n\t<div  class=\"wpb_single_image wpb_content_element vc_align_center wpb_content_element\">\n\t\t\n\t\t<figure class=\"wpb_wrapper vc_figure\">\n\t\t\t<div class=\"vc_single_image-wrapper   vc_box_border_grey\"><img loading=\"lazy\" decoding=\"async\" width=\"225\" height=\"300\" src=\"https:\/\/ucpofcentralaz.org\/wp-content\/uploads\/alexandra-by-canister-1-225x300.jpg\" class=\"vc_single_image-img attachment-medium\" alt=\"A little girl in glasses sitting at the counter of a pediatric therapy store.\" title=\"A little girl in glasses sitting at the counter of a pediatric therapy store.\" srcset=\"https:\/\/ucpofcentralaz.org\/wp-content\/uploads\/alexandra-by-canister-1-225x300.jpg 225w, https:\/\/ucpofcentralaz.org\/wp-content\/uploads\/alexandra-by-canister-1-600x800.jpg 600w, https:\/\/ucpofcentralaz.org\/wp-content\/uploads\/alexandra-by-canister-1-9x12.jpg 9w, https:\/\/ucpofcentralaz.org\/wp-content\/uploads\/alexandra-by-canister-1.jpg 720w\" sizes=\"auto, (max-width: 225px) 100vw, 225px\" \/><\/div>\n\t\t<\/figure>\n\t<\/div>\n<\/div><\/div><\/div><\/div><div class=\"vc_row wpb_row vc_row-fluid\"><div class=\"wpb_column vc_column_container vc_col-sm-4\"><div class=\"vc_column-inner\"><div class=\"wpb_wrapper\"><\/div><\/div><\/div><div class=\"wpb_column vc_column_container vc_col-sm-4\"><div class=\"vc_column-inner\"><div class=\"wpb_wrapper\"><a class=\"qodef-shortcode qodef-m  qodef-button qodef-layout--filled  qodef-html--link\" href=\"https:\/\/ucpofcentralaz.org\/es\/donate\/\" target=\"_self\"  style=\"text-transform: uppercase\">\n\t<span class=\"qodef-m-text\">DONA Y CREA UN MILAGRO<\/span>\n<\/a><\/div><\/div><\/div><div class=\"wpb_column vc_column_container vc_col-sm-4\"><div class=\"vc_column-inner\"><div class=\"wpb_wrapper\"><\/div><\/div><\/div><\/div><div class=\"vc_row wpb_row vc_row-fluid\"><div class=\"wpb_column vc_column_container vc_col-sm-12\"><div class=\"vc_column-inner\"><div class=\"wpb_wrapper\"><div class=\"vc_empty_space\"   style=\"height: 20px\"><span class=\"vc_empty_space_inner\"><\/span><\/div>\n\t<div class=\"wpb_text_column wpb_content_element\" >\n\t\t<div class=\"wpb_wrapper\">\n\t\t\t<p>Los residentes de Arizona tienen la oportunidad de asignar una parte de su obligaci\u00f3n tributaria estatal a la UCP de Arizona central y recibir un cr\u00e9dito d\u00f3lar por d\u00f3lar al presentar su <strong>declaraci\u00f3n de impuestos estatales<\/strong>. Los d\u00f3lares se acumulan r\u00e1pidamente y nos permiten ofrecer nuestros servicios y programas a m\u00e1s familias necesitadas.<\/p>\n<p>Puede encontrar m\u00e1s informaci\u00f3n en el <a href=\"https:\/\/azdor.gov\/tax-credits\/contributions-qualifying-charitable-organizations\" rel=\"nofollow noopener\" target=\"_blank\">P\u00e1gina de cr\u00e9dito fiscal del Departamento de Ingresos de Arizona<\/a>.<\/p>\n<p>_____________________________________________________________________________<\/p>\n<h3><strong>Gracias a nuestra Junta Directiva\u00a0<\/strong>por su compromiso con nuestra misi\u00f3n, que es la base para una vida independiente. Nuestra junta, el personal y las familias trabajan juntos para ayudar a cada miembro a alcanzar su m\u00e1ximo potencial.<\/h3>\n<p><em>Manny Cairo, Dan Williams, Gary Brennan, Nicole Almond Anderson, Brett Heising, Michael Kruer MD, Suzy Peel, Phil Barber, Juez Randall Howe, Son Yong Pak<\/em><\/p>\n<p>&nbsp;<\/p>\n<p>_____________________________________________________________________<\/p>\n<h3>Centro Laura Dozer<\/h3>\n<p>1802 W. Parkside Ln Phoenix, AZ 85027<\/p>\n<p>Llamada gratuita: (888) 943-5472<br \/>\nTel\u00e9fono: (602) 943-5472<br \/>\nFAX: (602) 943-4936<br \/>\nCorreo electr\u00f3nico: info@ucpofcentralaz.org<\/p>\n\n\t\t<\/div>\n\t<\/div>\n<\/div><\/div><\/div><\/div>\n<\/div>","protected":false},"excerpt":{"rendered":"<p>Hoy, UCP de Arizona central es una de las organizaciones sin fines de lucro m\u00e1s antiguas y valiosas del estado, y presta servicios a casi 3,000 miembros en una amplia gama de discapacidades y demoras. Pero eso no sucedi\u00f3 de la noche a la ma\u00f1ana. Las personas con discapacidad han librado una larga y ardua batalla por la igualdad y el respeto durante d\u00e9cadas, incluso siglos.<\/p>","protected":false},"author":15,"featured_media":0,"comment_status":"open","ping_status":"open","sticky":false,"template":"","format":"standard","meta":{"nf_dc_page":"","footnotes":""},"categories":[71],"tags":[],"class_list":["post-8390","post","type-post","status-publish","format-standard","hentry","category-newsletter"],"_links":{"self":[{"href":"https:\/\/ucpofcentralaz.org\/es\/wp-json\/wp\/v2\/posts\/8390","targetHints":{"allow":["GET"]}}],"collection":[{"href":"https:\/\/ucpofcentralaz.org\/es\/wp-json\/wp\/v2\/posts"}],"about":[{"href":"https:\/\/ucpofcentralaz.org\/es\/wp-json\/wp\/v2\/types\/post"}],"author":[{"embeddable":true,"href":"https:\/\/ucpofcentralaz.org\/es\/wp-json\/wp\/v2\/users\/15"}],"replies":[{"embeddable":true,"href":"https:\/\/ucpofcentralaz.org\/es\/wp-json\/wp\/v2\/comments?post=8390"}],"version-history":[{"count":1,"href":"https:\/\/ucpofcentralaz.org\/es\/wp-json\/wp\/v2\/posts\/8390\/revisions"}],"predecessor-version":[{"id":9072,"href":"https:\/\/ucpofcentralaz.org\/es\/wp-json\/wp\/v2\/posts\/8390\/revisions\/9072"}],"wp:attachment":[{"href":"https:\/\/ucpofcentralaz.org\/es\/wp-json\/wp\/v2\/media?parent=8390"}],"wp:term":[{"taxonomy":"category","embeddable":true,"href":"https:\/\/ucpofcentralaz.org\/es\/wp-json\/wp\/v2\/categories?post=8390"},{"taxonomy":"post_tag","embeddable":true,"href":"https:\/\/ucpofcentralaz.org\/es\/wp-json\/wp\/v2\/tags?post=8390"}],"curies":[{"name":"wp","href":"https:\/\/api.w.org\/{rel}","templated":true}]}}