{"id":8729,"date":"2021-04-28T10:15:44","date_gmt":"2021-04-28T17:15:44","guid":{"rendered":"https:\/\/ucpofcentralaz.org\/?p=8729"},"modified":"2021-04-30T00:21:05","modified_gmt":"2021-04-30T07:21:05","slug":"2021-spring-newsletter-our-way-forward","status":"publish","type":"post","link":"https:\/\/ucpofcentralaz.org\/es\/2021-spring-newsletter-our-way-forward\/","title":{"rendered":"Bolet\u00edn de primavera de 2021: nuestro camino a seguir"},"content":{"rendered":"<div class=\"wpb-content-wrapper\"><div class=\"vc_row wpb_row vc_row-fluid\"><div class=\"wpb_column vc_column_container vc_col-sm-12\"><div class=\"vc_column-inner\"><div class=\"wpb_wrapper\"><div class=\"vc_row wpb_row vc_inner vc_row-fluid vc_custom_1605652180707\"><div class=\"wpb_column vc_column_container vc_col-sm-12\"><div class=\"vc_column-inner\"><div class=\"wpb_wrapper\">\n\t<div  class=\"wpb_single_image wpb_content_element vc_align_center wpb_content_element\">\n\t\t\n\t\t<figure class=\"wpb_wrapper vc_figure\">\n\t\t\t<div class=\"vc_single_image-wrapper   vc_box_border_grey\"><img loading=\"lazy\" decoding=\"async\" width=\"2700\" height=\"1300\" src=\"https:\/\/ucpofcentralaz.org\/wp-content\/uploads\/Newsletter-Our-way-forward.png\" class=\"vc_single_image-img attachment-full\" alt=\"Spring newsletter featuring updates on pediatric therapy and home and community based services for Cerebral Palsy of Arizona.\" title=\"Spring newsletter featuring updates on pediatric therapy and home and community based services for Cerebral Palsy of Arizona.\" srcset=\"https:\/\/ucpofcentralaz.org\/wp-content\/uploads\/Newsletter-Our-way-forward.png 2700w, https:\/\/ucpofcentralaz.org\/wp-content\/uploads\/Newsletter-Our-way-forward-600x289.png 600w, https:\/\/ucpofcentralaz.org\/wp-content\/uploads\/Newsletter-Our-way-forward-300x144.png 300w, https:\/\/ucpofcentralaz.org\/wp-content\/uploads\/Newsletter-Our-way-forward-1024x493.png 1024w, https:\/\/ucpofcentralaz.org\/wp-content\/uploads\/Newsletter-Our-way-forward-768x370.png 768w, https:\/\/ucpofcentralaz.org\/wp-content\/uploads\/Newsletter-Our-way-forward-1536x740.png 1536w, https:\/\/ucpofcentralaz.org\/wp-content\/uploads\/Newsletter-Our-way-forward-2048x986.png 2048w, https:\/\/ucpofcentralaz.org\/wp-content\/uploads\/Newsletter-Our-way-forward-16x8.png 16w\" sizes=\"auto, (max-width: 2700px) 100vw, 2700px\" \/><\/div>\n\t\t<\/figure>\n\t<\/div>\n<\/div><\/div><\/div><\/div><div class=\"vc_row wpb_row vc_inner vc_row-fluid\"><div class=\"wpb_column vc_column_container vc_col-sm-12\"><div class=\"vc_column-inner vc_custom_1605651055629\"><div class=\"wpb_wrapper\">\n\t<div class=\"wpb_text_column wpb_content_element\" >\n\t\t<div class=\"wpb_wrapper\">\n\t\t\t<h2 id=\"ceo-message\" style=\"text-align: left;\">CEO Message<\/h2>\n<p>&nbsp;<\/p>\n<p><img decoding=\"async\" loading=\"lazy\" class=\"wp-image-8730 size-medium alignright\" src=\"https:\/\/ucpofcentralaz.org\/wp-content\/uploads\/Brenda-Hanserd-025-Horizontal-1-300x240.jpg\" alt=\"\" width=\"300\" height=\"240\" title=\"\">Dear Colleagues,<\/p>\n<p>One year ago, the world changed and the impact was catastrophe. The COVID-19 global pandemic arrived, and by early summer, we knew \u2014 like every other organization \u2014 the pandemic reality would bring an entirely new set of challenges, requiring an exceptionally swift response to ways we delivered services.<\/p>\n<p>We wasted no time adjusting our reality and within 30 days, we quickly converted our pediatric therapy services to an online platform and permitted our employees to work remotely. We made these changes to protect our people, continue providing life-changing services for our clients; and to keep our agency and the community safe.<\/p>\n<p>I am proud to say that while the pandemic might have slowed us down, it certainly did not stop us. Over the past fiscal year, we provided pediatric therapy treatment, early learning services and community-based services to over 700 children and adults with disabilities and their family members. In total, we provided 329,300 hours of therapy sessions, childcare services, adult day training and treatment hours and home and community based service hours.<br \/>\nI am deeply grateful to our passionate staff members for your compassionate service. This past year has been challenging and has affected all of us in some way; however, our staff have remained dedicated to help us achieve our mission of providing critical services to our children and adults with disabilities. To our families receiving services from UCP, I want to thank you for the privilege of allowing our staff to serve your needs. I am grateful to our donors, volunteers, and community supporters for your generous gifts of time, talents, and treasure. And a special thank you to Circle K for the continued support through the canister fundraising program that has literally changed the lives of hundreds of families. We are forever grateful for your significant commitment to assist individuals and their families achieve a life without limits.<\/p>\n<p>Together, no matter your role, we all have made these life-changing and supportive services possible to those counting on us, especially during this pandemic. This past year has been tough, but we remain hopeful for 2021! We continue to develop and expand to bring new and innovative services to our agency and hope that you will be inspired to get involved with us.<strong><br \/>\n<\/strong><\/p>\n<p>I invite you to read our <a href=\"https:\/\/ucpofcentralaz.org\/wp-content\/uploads\/Annual-Report-20202.pdf\" target=\"_blank\" rel=\"noopener\">2020 Annual Report<\/a> for more information on our successes.<\/p>\n<p>&#8211; Brenda Hanserd, CEO, UCP of Central AZ<\/p>\n\n\t\t<\/div>\n\t<\/div>\n<\/div><\/div><\/div><\/div><div class=\"vc_row wpb_row vc_inner vc_row-fluid\"><div class=\"wpb_column vc_column_container vc_col-sm-4 vc_col-has-fill\"><div class=\"vc_column-inner vc_custom_1605648612719\"><div class=\"wpb_wrapper\">\n\t<div class=\"wpb_text_column wpb_content_element\" >\n\t\t<div class=\"wpb_wrapper\">\n\t\t\t<h2 id=\"grand-raffle\" style=\"text-align: center;\"><strong>Honor a Parent You Know This Mother&#8217;s Day and Father&#8217;s Day<\/strong><\/h2>\n<p><span data-contrast=\"auto\"><img decoding=\"async\" loading=\"lazy\" class=\" wp-image-8157 aligncenter\" src=\"https:\/\/ucpofcentralaz.org\/wp-content\/uploads\/Anderson-Family_KidWalk-300x225.jpg\" alt=\"\" width=\"387\" height=\"290\" title=\"\" srcset=\"https:\/\/ucpofcentralaz.org\/wp-content\/uploads\/Anderson-Family_KidWalk-300x225.jpg 300w, https:\/\/ucpofcentralaz.org\/wp-content\/uploads\/Anderson-Family_KidWalk-scaled-600x450.jpg 600w, https:\/\/ucpofcentralaz.org\/wp-content\/uploads\/Anderson-Family_KidWalk-1024x768.jpg 1024w, https:\/\/ucpofcentralaz.org\/wp-content\/uploads\/Anderson-Family_KidWalk-768x576.jpg 768w, https:\/\/ucpofcentralaz.org\/wp-content\/uploads\/Anderson-Family_KidWalk-1536x1152.jpg 1536w, https:\/\/ucpofcentralaz.org\/wp-content\/uploads\/Anderson-Family_KidWalk-2048x1536.jpg 2048w\" sizes=\"auto, (max-width: 387px) 100vw, 387px\" \/><\/span><\/p>\n<p><span data-contrast=\"auto\">Do you know a superhero mom or dad who cares for a child with a disability<\/span><span data-contrast=\"auto\">, or an individual with a disability who is a superhero to their child(ren)<\/span><span data-contrast=\"auto\">?\u00a0<\/span><span data-contrast=\"auto\">We want to hear their stories!\u00a0<\/span><span data-ccp-props=\"{&quot;201341983&quot;:0,&quot;335559739&quot;:160,&quot;335559740&quot;:259}\">\u00a0<\/span><\/p>\n<p><span data-contrast=\"auto\">We encourage you\u00a0<\/span><span data-contrast=\"auto\">to send us a picture of a mom or dad\u00a0<\/span><span data-contrast=\"auto\">whom you think deserves our recognition\u00a0<\/span><span data-contrast=\"auto\">and a sentence or two about them.\u00a0<\/span><span data-contrast=\"auto\">For a donation of $25 or more, your superhero parent will be featured\u00a0<\/span><span data-contrast=\"auto\">in a video\u00a0<\/span><span data-contrast=\"auto\">that will air on UCP<\/span><span data-contrast=\"auto\">\u2019s\u00a0<\/span><span data-contrast=\"auto\">official\u00a0<\/span><span data-contrast=\"auto\">Facebook and Instagram pages, YouTube channel, and website<\/span><span data-contrast=\"auto\">.\u00a0<\/span><span data-contrast=\"auto\">There will be two videos: one honoring mothers for Mother\u2019s Day and one honoring fathers for Father\u2019s Day.\u00a0<\/span><span data-contrast=\"auto\">Each video will air on its respective holiday (May 9 for Mother\u2019s Day and June 20 for Father\u2019s Day).<\/span><span data-ccp-props=\"{&quot;201341983&quot;:0,&quot;335559739&quot;:160,&quot;335559740&quot;:259}\">\u00a0<\/span><\/p>\n<p><span data-contrast=\"auto\">The deadline for submissions for Mother\u2019s Day is May 6 at 11:59pm. The deadline for submissions for Father&#8217;s Day is June 17 at 11:59pm.<\/span><span data-ccp-props=\"{&quot;201341983&quot;:0,&quot;335559739&quot;:160,&quot;335559740&quot;:259}\">\u00a0<\/span><\/p>\n<p><span data-contrast=\"auto\">Submit your photos and a sentence or two about your superhero mom or dad to Alexis Ferri at\u00a0<\/span><a href=\"mailto:aferri@ucpofcentralaz.org\"><span data-contrast=\"none\">aferri@ucpofcentralaz.org<\/span><\/a><span data-contrast=\"auto\">.\u00a0<\/span><span data-ccp-props=\"{&quot;201341983&quot;:0,&quot;335559739&quot;:160,&quot;335559740&quot;:259}\">\u00a0<\/span><\/p>\n<p><a href=\"https:\/\/ucpofcentralaz.org\/donate\/\" target=\"_blank\" rel=\"noopener\"><img decoding=\"async\" loading=\"lazy\" class=\"aligncenter wp-image-123 \" src=\"https:\/\/ucpofcentralaz.org\/wp-content\/uploads\/2019\/09\/footer-btn-img-1.png\" alt=\"Donate Now\" width=\"135\" height=\"47\" title=\"\"><\/a><\/p>\n<hr style=\"clear: both;\" \/>\n\n\t\t<\/div>\n\t<\/div>\n\n\t<div class=\"wpb_text_column wpb_content_element vc_custom_1619726017349\" >\n\t\t<div class=\"wpb_wrapper\">\n\t\t\t<h2 id=\"national-research-committee\" style=\"text-align: center;\"><strong>UCP Downtown-East Grand Opening <\/strong><img decoding=\"async\" loading=\"lazy\" class=\"wp-image-8639 aligncenter\" src=\"https:\/\/ucpofcentralaz.org\/wp-content\/uploads\/PXL_20210222_231504988-300x225.jpg\" alt=\"\" width=\"380\" height=\"285\" title=\"\" srcset=\"https:\/\/ucpofcentralaz.org\/wp-content\/uploads\/PXL_20210222_231504988-300x225.jpg 300w, https:\/\/ucpofcentralaz.org\/wp-content\/uploads\/PXL_20210222_231504988-scaled-600x450.jpg 600w, https:\/\/ucpofcentralaz.org\/wp-content\/uploads\/PXL_20210222_231504988-1024x768.jpg 1024w, https:\/\/ucpofcentralaz.org\/wp-content\/uploads\/PXL_20210222_231504988-768x576.jpg 768w, https:\/\/ucpofcentralaz.org\/wp-content\/uploads\/PXL_20210222_231504988-1536x1152.jpg 1536w, https:\/\/ucpofcentralaz.org\/wp-content\/uploads\/PXL_20210222_231504988-2048x1536.jpg 2048w, https:\/\/ucpofcentralaz.org\/wp-content\/uploads\/PXL_20210222_231504988-16x12.jpg 16w\" sizes=\"auto, (max-width: 380px) 100vw, 380px\" \/><\/h2>\n<p><span data-contrast=\"auto\">On Monday, February 22<\/span><span data-contrast=\"auto\">nd<\/span><span data-contrast=\"auto\">, UCP opened its doors to a brand-new pediatric therapy clinic located inside Ability 360. Nestled between the 202 and 143 in East Phoenix, the new facility is conveniently located and serves a population of hundreds of children with disabilities.<\/span><span data-ccp-props=\"{&quot;201341983&quot;:0,&quot;335559739&quot;:160,&quot;335559740&quot;:259}\">\u00a0<\/span><\/p>\n<p><span data-contrast=\"auto\">For the opening ceremony, eight-year-old Aurora was given a very important task: cutting the ribbon.<\/span><span data-ccp-props=\"{&quot;201341983&quot;:0,&quot;335559739&quot;:160,&quot;335559740&quot;:259}\">\u00a0<\/span><\/p>\n<p><span data-contrast=\"auto\">\u201cI\u2019m cutting the ribbon!\u201d she said happily as she and one of her therapists used special scissors to officially open the new clinic. Viewers watched on Facebook Live as Aurora&#8217;s team of therapists cheered her on. Then, with the ribbon cut, she turned to the camera.<\/span><span data-ccp-props=\"{&quot;201341983&quot;:0,&quot;335559739&quot;:160,&quot;335559740&quot;:259}\">\u00a0<\/span><\/p>\n<p><span data-contrast=\"auto\">\u201cCome on in,\u201d she said, her huge smile evident through her eyes despite her mask, \u201cand let me show you the place!\u201d<\/span><span data-ccp-props=\"{&quot;201341983&quot;:0,&quot;335559739&quot;:160,&quot;335559740&quot;:259}\">\u00a0<\/span><\/p>\n<p><span data-contrast=\"auto\">Aurora is one of the children that receives services through UCP\u2019s pediatric therapy clinic. UCP Downtown East continues to offer occupational, speech, and physical therapy to children from birth up to age 12. We<\/span><span data-contrast=\"auto\"> have a new site, but we have the same team, the same passion, and the same excellent services.<\/span><\/p>\n<p><span data-ccp-props=\"{&quot;201341983&quot;:0,&quot;335551550&quot;:1,&quot;335551620&quot;:1,&quot;335559739&quot;:160,&quot;335559740&quot;:259}\">Click below to watch the Ribbon Cutting Ceremony.\u00a0\u00a0<\/span><\/p>\n\n\t\t<\/div>\n\t<\/div>\n<div class=\"vc_empty_space\"   style=\"height: 12px\"><span class=\"vc_empty_space_inner\"><\/span><\/div><a class=\"qodef-shortcode qodef-m  qodef-button qodef-layout--filled  qodef-html--link\" href=\"https:\/\/www.facebook.com\/ucpofcentralaz\/videos\/761731994468308\" target=\"_self\" rel=\"nofollow noopener\">\n\t<span class=\"qodef-m-text\">Watch Now<\/span>\n<\/a><div class=\"vc_empty_space\"   style=\"height: 12px\"><span class=\"vc_empty_space_inner\"><\/span><\/div><\/div><\/div><\/div><div class=\"wpb_column vc_column_container vc_col-sm-8\"><div class=\"vc_column-inner vc_custom_1605650797603\"><div class=\"wpb_wrapper\">\n\t<div class=\"wpb_text_column wpb_content_element\" >\n\t\t<div class=\"wpb_wrapper\">\n\t\t\t<h2 id=\"independence\"><strong><span class=\"TextRun Underlined SCXW207008080 BCX0\" lang=\"EN-US\" xml:lang=\"EN-US\" data-contrast=\"auto\"><span class=\"NormalTextRun SCXW207008080 BCX0\">I<\/span><\/span><span class=\"TextRun Underlined SCXW207008080 BCX0\" lang=\"EN-US\" xml:lang=\"EN-US\" data-contrast=\"auto\"><span class=\"NormalTextRun SCXW207008080 BCX0\">ntroducing<\/span><\/span><span class=\"TextRun Underlined SCXW207008080 BCX0\" lang=\"EN-US\" xml:lang=\"EN-US\" data-contrast=\"auto\"><span class=\"NormalTextRun SCXW207008080 BCX0\">\u00a0<\/span><\/span><span class=\"TextRun Underlined SCXW207008080 BCX0\" lang=\"EN-US\" xml:lang=\"EN-US\" data-contrast=\"auto\"><span class=\"NormalTextRun SCXW207008080 BCX0\">UCP\u2019s Mobility Clinic<\/span><\/span><\/strong><\/h2>\n<h4>Even During Uncertain Times, We Are Committed To A Future Of Innovation<\/h4>\n<p><span data-contrast=\"auto\">In the 1950s, UCP of Central Arizona provid<\/span><span data-contrast=\"auto\">ed<\/span><span data-contrast=\"auto\">\u00a0wheelchairs\u00a0<\/span><span data-contrast=\"auto\">and available resources\u00a0<\/span><span data-contrast=\"auto\">to individuals with disabilities and their families<\/span><span data-contrast=\"auto\">.\u00a0<\/span><span data-contrast=\"auto\">70 years of new research, technology, and expertise later, we are changing the narrative.\u00a0<\/span><span data-contrast=\"auto\">Now,<\/span><span data-contrast=\"auto\">\u00a0<\/span><span data-contrast=\"auto\">in addition to providing available resources,\u00a0<\/span><span data-contrast=\"auto\">w<\/span><span data-contrast=\"auto\">e<\/span><span data-contrast=\"auto\"> seek to<\/span><span data-contrast=\"auto\">\u00a0<\/span><span data-contrast=\"auto\">hel<\/span><span data-contrast=\"auto\">p\u00a0<\/span><span data-contrast=\"auto\">individuals\u00a0<\/span><i><span data-contrast=\"auto\">out\u00a0<\/span><\/i><span data-contrast=\"auto\">of\u00a0<\/span><span data-contrast=\"auto\">wheelchairs<\/span><span data-contrast=\"auto\">.<\/span><span data-contrast=\"auto\">\u00a0<\/span><span data-ccp-props=\"{&quot;201341983&quot;:0,&quot;335559739&quot;:160,&quot;335559740&quot;:259}\">\u00a0<\/span><\/p>\n<p><span data-contrast=\"auto\"><img decoding=\"async\" loading=\"lazy\" class=\" wp-image-8718 alignleft\" src=\"https:\/\/ucpofcentralaz.org\/wp-content\/uploads\/RAGT-300x292.png\" alt=\"\" width=\"258\" height=\"251\" title=\"\" srcset=\"https:\/\/ucpofcentralaz.org\/wp-content\/uploads\/RAGT-300x292.png 300w, https:\/\/ucpofcentralaz.org\/wp-content\/uploads\/RAGT-12x12.png 12w, https:\/\/ucpofcentralaz.org\/wp-content\/uploads\/RAGT.png 378w\" sizes=\"auto, (max-width: 258px) 100vw, 258px\" \/>A<\/span><span data-contrast=\"auto\">n exciting array of new pediatric therapy programs are currently being developed at UCP<\/span><span data-contrast=\"auto\">, all of which harness the power of innovation<\/span><span data-contrast=\"auto\">\u00a0and which are run by compassionate experts.<\/span><span data-contrast=\"auto\">\u00a0<\/span><span data-ccp-props=\"{&quot;201341983&quot;:0,&quot;335559739&quot;:160,&quot;335559740&quot;:259}\">\u00a0<\/span><\/p>\n<p>The Motor Disorder Clinic consists of new therapy programs for children with cerebral palsy, rare disorders or genetic disorders that affect a child\u2019s ability to move.<\/p>\n<p>\u201cMobility is intrinsic to child development,\u201d said Valerie Pieraccini, director of UCP\u2019s therapy program. \u201cMobility allows a child to explore their world, an act that is crucial to play, learning, and the acquisition of fundamental life skills such as gross motor skills, fine motor skills, self-help skills, adaptive skills and social or emotional skills. To understand the importance of mobility, one needs only to visit a playground full of children and watch them jump, climb, throw, chase, laugh, scoop sand and shout.\u201d<\/p>\n<p>An integral part of the Motor Disorder Clinic is robot assisted gait training (RAGT) using the latest innovative, state-of-the-art technology: the Aretech ZeroG\u00ae Gait and Balance System. It is a system of 58 feet of a U-shaped track, a passive trolley and 4 harnesses, and it provides dynamic body-weight support and fall protection through sensors for intensive gait and balance therapy.<\/p>\n<p>Although therapy programs exist in Maricopa County that provide physical and occupational therapy, none of them provide the opportunity for Robot Assisted Gait Training for young children. The ZeroG is the only device that can be used with children with a body weight as little as 20 pounds, in order to work with children as young as one year old who are crawling and taking their first steps.<\/p>\n<p>\u201cThe ZeroG at the Laura Dozer Center will bring this opportunity to Arizona\u2019s children with motor disorders and delays that is lacking in the Southwestern United States,\u201d said Valerie Pieraccini.<\/p>\n<p>The track for the ZeroG will be installed at the Laura Dozer campus in the therapy clinic in May and the team is incredibly excited!<\/p>\n<p>\u201cThis will be something heavily integrated into current physical and occupational therapy sessions,\u201d she said. \u201cIt&#8217;ll help kids go from sit to stand, crawling to walking, it even can go over stairs&#8230; it\u2019ll be a huge benefit for our kids.&#8221;<\/p>\n<p>UCP is grateful to the Board of Visitors for their generous grant which has funded phase one of the ZeroG installation. Founded in 1908, the Board of Visitors is the oldest women\u2019s charitable organization in Arizona and is dedicated to meeting the healthcare needs of women, children, and the elderly. Their investment in the future of Arizona children is a legacy that will continue for many years to come.<\/p>\n<p>\u201cImagine offering a service for children with physical disabilities that could mean the difference between a child being able to move around our gym and enjoy their body versus only being able rather than being limited to a stationary piece of equipment on a treadmill,\u201d said Valerie Pieraccini.<\/p>\n<hr style=\"clear: both;\" \/>\n\n\t\t<\/div>\n\t<\/div>\n\n\t<div class=\"wpb_text_column wpb_content_element\" >\n\t\t<div class=\"wpb_wrapper\">\n\t\t\t<h2><strong><span class=\"TextRun Underlined SCXW207008080 BCX0\" lang=\"EN-US\" xml:lang=\"EN-US\" data-contrast=\"auto\"><span class=\"NormalTextRun SCXW207008080 BCX0\">Augmentative and Alternative Communication Program<\/span><\/span><\/strong><\/h2>\n<p><span data-contrast=\"auto\">In addition to the RAGT, <\/span><span data-contrast=\"auto\">UCP is\u00a0<\/span><span data-contrast=\"auto\">developing a program to serve children with disabilities with expressive communication disorder. At the request of the community, UCP is launching the Augmentative and Alternative Communication\u00a0<\/span><span data-contrast=\"auto\">(AAC)\u00a0<\/span><span data-contrast=\"auto\">program.<\/span><span data-ccp-props=\"{&quot;201341983&quot;:0,&quot;335559739&quot;:160,&quot;335559740&quot;:259}\">\u00a0<\/span><\/p>\n<p><span data-contrast=\"auto\">\u201c<\/span><span data-contrast=\"auto\">To communicate is essential to being human,\u201d said Valerie\u00a0Pieraccini. \u201cWords are not only the tools of poets and marketing firms but also the essential tools of children. Language is the framework for children to gain cognitive, emotional and social skills for life. When words are not possible due to a disability, speech and language is delayed, negatively impacting all of development.<\/span><span data-contrast=\"auto\">\u201d<\/span><span data-ccp-props=\"{&quot;201341983&quot;:0,&quot;335559739&quot;:160,&quot;335559740&quot;:259}\">\u00a0<\/span><\/p>\n<p><span data-contrast=\"auto\">The AAC<\/span><span data-contrast=\"auto\">\u00a0program<\/span><span data-contrast=\"auto\">\u00a0<\/span><span data-contrast=\"auto\">changes that. Providing a speech-generating device to a child\u00a0<\/span><span data-contrast=\"auto\">gives them the ability to say, \u201cI love you,\u201d or tell a friend, \u201cLet\u2019s play!\u201d\u00a0<\/span><span data-contrast=\"auto\">Assistive technology allows a child to<\/span><span data-contrast=\"auto\">\u00a0share thoughts, ideas, wants, and needs.\u00a0<\/span><span data-contrast=\"auto\">Depending on the\u00a0<\/span><span data-contrast=\"auto\">individual<\/span><span data-contrast=\"auto\">\u00a0<\/span><span data-contrast=\"auto\">needs of the child, t<\/span><span data-contrast=\"auto\">he technology ranges from a\u00a0<\/span><span data-contrast=\"auto\">paper with symbols to a complex eye gaze device that allows a child to scan symbols<\/span><span data-contrast=\"auto\">.<\/span><span data-ccp-props=\"{&quot;201341983&quot;:0,&quot;335559739&quot;:160,&quot;335559740&quot;:259}\">\u00a0<\/span><\/p>\n<p><span data-contrast=\"auto\">The AAC team at UCP consists of<\/span><span data-contrast=\"auto\">\u00a0a speech-language pathologist,\u00a0<\/span><span data-contrast=\"auto\">an\u00a0<\/span><span data-contrast=\"auto\">occupational therapist and<\/span><span data-contrast=\"auto\">\u00a0a<\/span><span data-contrast=\"auto\">\u00a0physical therapist<\/span><span data-contrast=\"auto\">. They will\u00a0<\/span><span data-contrast=\"auto\">provide evaluation, positioning and access recommendations, trialing of devices<\/span><span data-contrast=\"auto\">,<\/span><span data-contrast=\"auto\">\u00a0and training on how to use speech devices.\u00a0<\/span><span data-contrast=\"auto\">The overall<\/span><span data-contrast=\"auto\">\u00a0objective is to provide<\/span><span data-contrast=\"auto\">\u00a0<\/span><span data-contrast=\"auto\">the child and their family\u00a0<\/span><span data-contrast=\"auto\">the<\/span><span data-contrast=\"auto\">\u00a0opportunity<\/span><span data-contrast=\"auto\">\u00a0to test\u00a0<\/span><span data-contrast=\"auto\">different speech devices, mounting systems, access switches and positional aids to determine what would be best for\u00a0<\/span><span data-contrast=\"auto\">each<\/span><span data-contrast=\"auto\">\u00a0child.<\/span><span data-ccp-props=\"{&quot;201341983&quot;:0,&quot;335559739&quot;:160,&quot;335559740&quot;:259}\">\u00a0<\/span><\/p>\n<p><span data-contrast=\"auto\">\u201cImagine,\u201d Valerie said, \u201cgiving\u00a0<\/span><span data-contrast=\"auto\">a child the\u00a0<\/span><span data-contrast=\"auto\">gift of saying, \u2018I love you<\/span><span data-contrast=\"auto\">.<\/span><span data-contrast=\"auto\">\u2019<\/span><span data-contrast=\"auto\">\u201d<\/span><span data-ccp-props=\"{&quot;201341983&quot;:0,&quot;335559739&quot;:160,&quot;335559740&quot;:259}\">\u00a0<\/span><\/p>\n<p><span data-contrast=\"auto\">To read more about UCP\u2019s<\/span><span data-contrast=\"auto\">\u00a0other developing<\/span><span data-contrast=\"auto\">\u00a0therapy clinic programs, click\u00a0<\/span><a href=\"https:\/\/ucpofcentralaz.org\/services\/therapy-program\/\"><b><span data-contrast=\"none\">here<\/span><\/b><\/a><b><span data-contrast=\"auto\">.<\/span><\/b><span data-ccp-props=\"{&quot;201341983&quot;:0,&quot;335559739&quot;:160,&quot;335559740&quot;:259}\">\u00a0<\/span><\/p>\n<p><img decoding=\"async\" loading=\"lazy\" class=\" wp-image-8621 aligncenter\" src=\"https:\/\/ucpofcentralaz.org\/wp-content\/uploads\/AAC-device-300x199.jpg\" alt=\"\" width=\"341\" height=\"226\" title=\"\" srcset=\"https:\/\/ucpofcentralaz.org\/wp-content\/uploads\/AAC-device-300x199.jpg 300w, https:\/\/ucpofcentralaz.org\/wp-content\/uploads\/AAC-device-scaled-600x399.jpg 600w, https:\/\/ucpofcentralaz.org\/wp-content\/uploads\/AAC-device-1024x681.jpg 1024w, https:\/\/ucpofcentralaz.org\/wp-content\/uploads\/AAC-device-768x511.jpg 768w, https:\/\/ucpofcentralaz.org\/wp-content\/uploads\/AAC-device-1536x1021.jpg 1536w, https:\/\/ucpofcentralaz.org\/wp-content\/uploads\/AAC-device-2048x1362.jpg 2048w, https:\/\/ucpofcentralaz.org\/wp-content\/uploads\/AAC-device-16x12.jpg 16w\" sizes=\"auto, (max-width: 341px) 100vw, 341px\" \/><\/p>\n\n\t\t<\/div>\n\t<\/div>\n<\/div><\/div><\/div><\/div><div class=\"vc_row wpb_row vc_inner vc_row-fluid\"><div class=\"wpb_column vc_column_container vc_col-sm-12\"><div class=\"vc_column-inner\"><div class=\"wpb_wrapper\"><\/div><\/div><\/div><\/div><div class=\"vc_row wpb_row vc_inner vc_row-fluid\"><div class=\"wpb_column vc_column_container vc_col-sm-6\"><div class=\"vc_column-inner\"><div class=\"wpb_wrapper\">\n\t<div class=\"wpb_text_column wpb_content_element\" >\n\t\t<div class=\"wpb_wrapper\">\n\t\t\t<h2><strong>The Pandemic Hasn&#8217;t Slowed Down The Fun at the ELC<\/strong><\/h2>\n<p><span data-contrast=\"none\">On April 22, the\u00a0<\/span><span data-contrast=\"none\">children of the\u00a0<\/span><span data-contrast=\"none\">Early Learning Center\u00a0<\/span><span data-contrast=\"none\">observed Earth Day with a celebration of gardening and painting. Masks were worn, health screenings were done, and each child could have one parent present&#8230; and a blast was had by all.\u00a0<\/span><span data-ccp-props=\"{&quot;201341983&quot;:0,&quot;335559739&quot;:160,&quot;335559740&quot;:259}\">\u00a0<\/span><\/p>\n<p><span data-contrast=\"none\"><img decoding=\"async\" loading=\"lazy\" class=\" wp-image-8736 aligncenter\" src=\"https:\/\/ucpofcentralaz.org\/wp-content\/uploads\/IMG-4111-300x225.jpg\" alt=\"\" width=\"462\" height=\"346\" title=\"\" srcset=\"https:\/\/ucpofcentralaz.org\/wp-content\/uploads\/IMG-4111-300x225.jpg 300w, https:\/\/ucpofcentralaz.org\/wp-content\/uploads\/IMG-4111-scaled-600x450.jpg 600w, https:\/\/ucpofcentralaz.org\/wp-content\/uploads\/IMG-4111-1024x768.jpg 1024w, https:\/\/ucpofcentralaz.org\/wp-content\/uploads\/IMG-4111-768x576.jpg 768w, https:\/\/ucpofcentralaz.org\/wp-content\/uploads\/IMG-4111-1536x1152.jpg 1536w, https:\/\/ucpofcentralaz.org\/wp-content\/uploads\/IMG-4111-2048x1536.jpg 2048w, https:\/\/ucpofcentralaz.org\/wp-content\/uploads\/IMG-4111-16x12.jpg 16w\" sizes=\"auto, (max-width: 462px) 100vw, 462px\" \/>After shutting down temporarily in March 2020,\u00a0<\/span><span data-contrast=\"none\">UCP\u2019s Early Learning Center reopened three of its classrooms to 16 children on August 10<\/span><span data-contrast=\"none\">. Anticipating challenges in welcoming children back to a different environment, the staff took extra measures to ensure the children would feel right at home on campus. Teachers sent videos of themselves to the children and parents prior to their arrival, to show them what their faces looked like with masks on and to prepare them for what they would see in their classrooms.\u00a0<\/span><span data-ccp-props=\"{&quot;201341983&quot;:0,&quot;335559739&quot;:160,&quot;335559740&quot;:259}\">\u00a0<\/span><\/p>\n<p><span data-contrast=\"none\">\u201cIt\u2019s actually been a really positive transition back,\u201d said Katy Moon, Early Learning Center program director. \u201cWe anticipated that it would be hard for a lot of the kids to return after being at home after four months. We anticipated a bit of a struggle\u2026. But we opened, and nobody was sad!\u201d <\/span><span data-ccp-props=\"{&quot;201341983&quot;:0,&quot;335559739&quot;:160,&quot;335559740&quot;:259}\">\u00a0<\/span><\/p>\n<p><span data-contrast=\"none\">\u201cNot sad\u201d is an understatement. Katy described the children as so excited to be back every day that upon arrival, they want to run straight through the gate to the classrooms\u2014which they can do, as soon as they get their temperature checked!<\/span><span data-ccp-props=\"{&quot;201341983&quot;:0,&quot;335559739&quot;:160,&quot;335559740&quot;:259}\">\u00a0<\/span><\/p>\n<p><span data-contrast=\"none\">Temperature checks and curbside drop-off <\/span><span data-contrast=\"none\">weren\u2019t\u00a0<\/span><span data-contrast=\"none\">the only measures that\u00a0<\/span><span data-contrast=\"none\">were\u00a0<\/span><span data-contrast=\"none\">put into place by the incredible ELC staff. Throughout the day, teachers positively encourage the children to have space between each other, ensure everybody sanitizes hands frequently, and thoroughly clean toys multiple times throughout the day. Additionally, each child has their own box with personalized items more difficult to sanitize such as markers or crayons. Parents brought personal belongings in advance so there would be no transfer of items back and forth between the classrooms and home.<\/span><span data-ccp-props=\"{&quot;201341983&quot;:0,&quot;335559739&quot;:160,&quot;335559740&quot;:259}\">\u00a0<\/span><\/p>\n<p><span data-contrast=\"none\">Even though the ELC is licensed for 100 children, they started very slowly with 16, eventually increasing numbers\u00a0<\/span><span data-contrast=\"none\">so that t<\/span><span data-contrast=\"none\">oday, there are 30 children<\/span><span data-contrast=\"none\">.<\/span><span data-contrast=\"none\">\u00a0The reopening success has been so great that more families are inquiring about availability by the day.<\/span><span data-ccp-props=\"{&quot;201341983&quot;:0,&quot;335559739&quot;:160,&quot;335559740&quot;:259}\">\u00a0<\/span><\/p>\n<p><span data-contrast=\"none\">\u201cThe outpour of appreciation and gratitude from families has been amazing,\u201d said Katy Moon.<\/span><span data-ccp-props=\"{&quot;201341983&quot;:0,&quot;335559739&quot;:160,&quot;335559740&quot;:259}\">\u00a0<\/span><\/p>\n<hr style=\"clear: both;\" \/>\n\n\t\t<\/div>\n\t<\/div>\n<\/div><\/div><\/div><div class=\"wpb_column vc_column_container vc_col-sm-6 vc_col-has-fill\"><div class=\"vc_column-inner vc_custom_1605648865869\"><div class=\"wpb_wrapper\">\n\t<div class=\"wpb_text_column wpb_content_element vc_custom_1619763478495\" >\n\t\t<div class=\"wpb_wrapper\">\n\t\t\t<h2 id=\"teletherapy\"><strong>UCP&#8217;s Therapists Are Unstoppable<\/strong><\/h2>\n<p><strong>When a child with a disability comes to UCP, there is an entire team of people working behind the scenes to ensure their success.\u00a0\u00a0<\/strong><\/p>\n<p><span data-contrast=\"none\">The UCP\u2019s pediatric therapy clinics consist of teams built of physical, occupational, speech, and feeding therapists, all of whom are experts in child development in their fields. Dividing and conquering the Valley at two different locations, nine therapists run the show at UCP\u2019s main Laura Dozer campus while six take charge of UCP\u2019s newest location: a downtown-east facility located in the beautiful Ability 360 Center. <\/span><span data-ccp-props=\"{&quot;201341983&quot;:0,&quot;335551550&quot;:1,&quot;335551620&quot;:1,&quot;335559739&quot;:160,&quot;335559740&quot;:259}\">\u00a0<\/span><\/p>\n<p><span data-contrast=\"none\">The team is overseen by Valerie Pieraccini, Director of Therapy Programs and Early Learning Center, and Therapy Program manager Laura Hazy. It is backed by two medical front desk receptionists, a referral specialist, an authorizations specialist, and an administrative support coordinator, all of whom play essential roles in keeping children\u2019s referrals, evaluations, on-going schedules, billing, and on-going therapy reports running like clockwork. <\/span><span data-ccp-props=\"{&quot;201341983&quot;:0,&quot;335551550&quot;:1,&quot;335551620&quot;:1,&quot;335559739&quot;:160,&quot;335559740&quot;:259}\">\u00a0<\/span><\/p>\n<p><span data-contrast=\"none\">When COVID-19 came to Arizona, Laura Hazy said that challenges of navigating a pandemic was overwhelming but the team was determined to carry out UCP\u2019s mission of serving the children. challenging to say the least. <\/span><span data-ccp-props=\"{&quot;201341983&quot;:0,&quot;335551550&quot;:1,&quot;335551620&quot;:1,&quot;335559739&quot;:160,&quot;335559740&quot;:259}\">\u00a0<\/span><\/p>\n<p><span data-contrast=\"none\">\u201cThere&#8217;s been a lot of change,\u201d she said. \u201cThe clinics being closed for April, May, June, July&#8230; it was really tough on the team. But we are on track [for serving the kids] and that\u2019s going really well.\u201d\u00a0<\/span><span data-ccp-props=\"{&quot;201341983&quot;:0,&quot;335551550&quot;:1,&quot;335551620&quot;:1,&quot;335559739&quot;:160,&quot;335559740&quot;:259}\">\u00a0<\/span><\/p>\n<p><span data-contrast=\"none\">The pandemic brought a temporary closure of UCP clinics on March 27th, 2020 which meant that the therapy team had to rapidly figure out a solution for children who simply could not afford to miss therapy sessions. With the needs of the children on the forefront of their minds, one week later, the therapy team began offering teletherapy, which is a way for therapists to provide therapy virtually with families using a secure video call. Virtual sessions are a way for children to maintain progress as well as a way for parents to gain hands-on techniques from therapists in order to help their children succeed at home. <\/span><span data-ccp-props=\"{&quot;201341983&quot;:0,&quot;335551550&quot;:1,&quot;335551620&quot;:1,&quot;335559739&quot;:160,&quot;335559740&quot;:259}\">\u00a0<\/span><\/p>\n<p><span data-contrast=\"none\">The staff were amazed with the creative solutions of families who made <\/span><span data-contrast=\"none\">homemade<\/span><span data-contrast=\"none\"> versions of equipment. Staff were equally creative. Iman Johnson, occupational therapist, made a video inviting children to therapy on the computer screen. Brittany <\/span><span data-contrast=\"none\">Dichraff<\/span><span data-contrast=\"none\">, physical therapist, visited one little girl\u2019s home by waving through the window when the little one missed visiting \u201cMiss Brittany.\u201d <\/span><span data-ccp-props=\"{&quot;201341983&quot;:0,&quot;335551550&quot;:1,&quot;335551620&quot;:1,&quot;335559739&quot;:160,&quot;335559740&quot;:259}\">\u00a0<\/span><\/p>\n<p><span data-contrast=\"none\">The therapy clinics reopened at a limited capacity in late July 2020 and are slowly adding more in-person visits. Today, approximately 70% of children are seen in-person while 30% do remote teletherapy.\u00a0<\/span><\/p>\n<p><span data-contrast=\"none\">Many families are ready to be back in person. From school closures to changes in routine \u2013 which can be detrimental to a child with a disability who relies on consistency \u2013 navigating the pandemic has been challenging for them. \u201cA year later a lot of families are ready for that return to normal\u201d ,said Laura.<\/span><\/p>\n<p><span data-contrast=\"none\">But despite the turmoil of last year, each member of UCP\u2019s pediatric therapy team has shown time and time again that they do what is best for the kids. From making teletherapy sessions work to keeping the kids\u2019 safety at heart, UCP\u2019s therapy team has shown resilience, commitment, and above all, a fierce love for each child that comes to UCP.\u00a0<\/span><span data-ccp-props=\"{&quot;201341983&quot;:0,&quot;335551550&quot;:1,&quot;335551620&quot;:1,&quot;335559739&quot;:160,&quot;335559740&quot;:259}\">\u00a0<\/span><span data-ccp-props=\"{&quot;201341983&quot;:0,&quot;335551550&quot;:1,&quot;335551620&quot;:1,&quot;335559739&quot;:160,&quot;335559740&quot;:259}\">\u00a0<\/span><\/p>\n<p><span data-contrast=\"none\">Help UCP\u2019s therapy team continue to move forward with a donation today and change the lives of children counting on them.<\/span><\/p>\n<p><a href=\"https:\/\/ucpofcentralaz.org\/donate\/\" target=\"_blank\" rel=\"noopener\"><img decoding=\"async\" loading=\"lazy\" class=\"aligncenter wp-image-123 \" src=\"https:\/\/ucpofcentralaz.org\/wp-content\/uploads\/2019\/09\/footer-btn-img-1.png\" alt=\"Donate Now\" width=\"175\" height=\"61\" title=\"\"><\/a><\/p>\n\n\t\t<\/div>\n\t<\/div>\n<\/div><\/div><\/div><\/div><div class=\"vc_row wpb_row vc_inner vc_row-fluid\"><div class=\"wpb_column vc_column_container vc_col-sm-12\"><div class=\"vc_column-inner\"><div class=\"wpb_wrapper\"><\/div><\/div><\/div><\/div><div class=\"vc_row wpb_row vc_inner vc_row-fluid\"><div class=\"wpb_column vc_column_container vc_col-sm-12\"><div class=\"vc_column-inner\"><div class=\"wpb_wrapper\">\n\t<div class=\"wpb_text_column wpb_content_element vc_custom_1619729645432\" >\n\t\t<div class=\"wpb_wrapper\">\n\t\t\t<h2 id=\"krista\"><strong>No More Cabin Fever: Members Thrilled to Return to UCP!\u00a0<\/strong><\/h2>\n<p><span data-contrast=\"auto\"><img decoding=\"async\" loading=\"lazy\" class=\"wp-image-8744 size-medium alignleft\" src=\"https:\/\/ucpofcentralaz.org\/wp-content\/uploads\/DTA-pic-300x225.jpg\" alt=\"\" width=\"300\" height=\"225\" title=\"\" srcset=\"https:\/\/ucpofcentralaz.org\/wp-content\/uploads\/DTA-pic-300x225.jpg 300w, https:\/\/ucpofcentralaz.org\/wp-content\/uploads\/DTA-pic-600x450.jpg 600w, https:\/\/ucpofcentralaz.org\/wp-content\/uploads\/DTA-pic-1024x768.jpg 1024w, https:\/\/ucpofcentralaz.org\/wp-content\/uploads\/DTA-pic-768x576.jpg 768w, https:\/\/ucpofcentralaz.org\/wp-content\/uploads\/DTA-pic-16x12.jpg 16w, https:\/\/ucpofcentralaz.org\/wp-content\/uploads\/DTA-pic-jpg.webp 1280w\" sizes=\"auto, (max-width: 300px) 100vw, 300px\" \/>On a warm April morning, a small group of adults gathered in one of UCP\u2019s outdoor spaces at the<\/span><span data-contrast=\"auto\">\u00a0main<\/span><span data-contrast=\"auto\">\u00a0Laura Dozer campus.\u00a0<\/span><span data-ccp-props=\"{&quot;201341983&quot;:0,&quot;335551550&quot;:1,&quot;335551620&quot;:1,&quot;335559739&quot;:160,&quot;335559740&quot;:259}\">\u00a0<\/span><\/p>\n<p><span data-contrast=\"auto\">One individual bounced a basketball on the concrete. Another sat and carefully concentrated on<\/span><span data-contrast=\"auto\">\u00a0moving his<\/span><span data-contrast=\"auto\">\u00a0toy cars. Others mill<\/span><span data-contrast=\"auto\">ed about<\/span><span data-contrast=\"auto\">, taking in the sunshine<\/span><span data-contrast=\"auto\">, smiles wide on their faces.\u00a0<\/span><span data-contrast=\"auto\">A breeze\u00a0<\/span><span data-contrast=\"auto\">occasionally blew through\u00a0<\/span><span data-contrast=\"auto\">everyone\u2019s hair.<\/span><span data-ccp-props=\"{&quot;201341983&quot;:0,&quot;335559739&quot;:160,&quot;335559740&quot;:259}\">\u00a0<\/span><\/p>\n<p><span data-contrast=\"auto\">Members of UCP\u2019s Day Treatment and Training program were outside together for the first time in months,\u00a0<\/span><span data-contrast=\"auto\">and spirits were high.<\/span><span data-ccp-props=\"{&quot;201341983&quot;:0,&quot;335559739&quot;:160,&quot;335559740&quot;:259}\">\u00a0<\/span><\/p>\n<p><span data-contrast=\"auto\">Mary Kellogg, interim program manager for DTA, said that when her<\/span><span data-contrast=\"auto\">\u00a0program<\/span><span data-contrast=\"auto\">\u00a0staff and<\/span><span data-contrast=\"auto\">\u00a0the<\/span><span data-contrast=\"auto\">\u00a0members returned\u00a0<\/span><span data-contrast=\"auto\">indoors<\/span><span data-contrast=\"auto\">, the happiness was evident in everyone\u2019s faces<\/span><span data-contrast=\"auto\">.<\/span><span data-ccp-props=\"{&quot;201341983&quot;:0,&quot;335559739&quot;:160,&quot;335559740&quot;:259}\">\u00a0<\/span><\/p>\n<p><span data-contrast=\"auto\">\u201cThey just loved being outside,\u201d she said. \u201cIt made a world of difference.\u201d<\/span><span data-ccp-props=\"{&quot;201341983&quot;:0,&quot;335559739&quot;:160,&quot;335559740&quot;:259}\">\u00a0<\/span><\/p>\n<p><span data-contrast=\"auto\">During the height of the 2020 pandemic, UCP\u2019s Day Treatment and Training\u00a0<\/span><span data-contrast=\"auto\">(DTA)\u00a0<\/span><span data-contrast=\"auto\">program temporarily closed on March 26\u00a0<\/span><span data-contrast=\"auto\">a<\/span><span data-contrast=\"auto\">nd didn\u2019t reopen until August. Today,\u00a0<\/span><span data-contrast=\"auto\">the\u00a0<\/span><span data-contrast=\"auto\">program is open to a smaller but thriving group of\u00a0<\/span><span data-contrast=\"auto\">individuals\u00a0<\/span><span data-contrast=\"auto\">who are excited to be with their friends once more.<\/span><span data-contrast=\"auto\">\u00a0Located at a smaller facility a few blocks away from UCP\u2019s main\u00a0<\/span><span data-contrast=\"auto\">campus<\/span><span data-contrast=\"auto\">, the DTA program is in the process of relocating to UCP\u2019s Laura Dozer\u00a0<\/span><span data-contrast=\"auto\">facility<\/span><span data-contrast=\"auto\">\u00a0<\/span><span data-contrast=\"auto\">where\u00a0<\/span><span data-contrast=\"auto\">member\u00a0<\/span><span data-contrast=\"auto\">will have access to an outdoor recreation area<\/span><span data-contrast=\"auto\">\u00a0all the time.<\/span><span data-ccp-props=\"{&quot;201341983&quot;:0,&quot;335559739&quot;:160,&quot;335559740&quot;:259}\">\u00a0<\/span><\/p>\n<p><span data-contrast=\"auto\">Originally serving 30 members, the DTA program has safely reopened to half capacity. Mary says that one of the benefits of having a smaller group\u00a0<\/span><span data-contrast=\"auto\">is that more one-on-one attention is given to each individual and that each person is learning more than ever.<\/span><span data-ccp-props=\"{&quot;201341983&quot;:0,&quot;335559739&quot;:160,&quot;335559740&quot;:259}\">\u00a0<\/span><\/p>\n<p><span data-contrast=\"auto\">\u201cFor a couple of members, their goals are to write down or trace their names and addresses, and one of them has learned typing on the computer,\u201d she said, pride evident in her voice. \u201cAnother gal with [cerebral palsy] and has limited use of her body, hands, arms\u2014she has been learning how to sign.<\/span><span data-contrast=\"auto\">\u00a0S<\/span><span data-contrast=\"auto\">he<\/span><span data-contrast=\"auto\">\u2019s also<\/span><span data-contrast=\"auto\">\u00a0been learning how to\u00a0<\/span><span data-contrast=\"auto\">clos<\/span><span data-contrast=\"auto\">e\u00a0<\/span><span data-contrast=\"auto\">the\u00a0<\/span><span data-contrast=\"auto\">lid on her lunch bowl when she\u2019s done with it<\/span><span data-contrast=\"auto\">. S<\/span><span data-contrast=\"auto\">he\u2019s doing more things for herself. And her mother is just so impressed with the improvement she has made.\u201d<\/span><span data-ccp-props=\"{&quot;201341983&quot;:0,&quot;335559739&quot;:160,&quot;335559740&quot;:259}\">\u00a0<\/span><\/p>\n<p><span data-contrast=\"auto\">In addition to overseeing the Day Treatment and Training program,\u00a0<\/span><span data-contrast=\"auto\">Mary Kellogg is the<\/span><span data-contrast=\"auto\">\u00a0manager for UCP\u2019s Home and Community Based Services program. She said that the program staff have been<\/span><span data-contrast=\"auto\">\u00a0remarkable in coming back to work<\/span><span data-contrast=\"auto\">\u00a0and praised her team for their commitment.\u00a0<\/span><span data-ccp-props=\"{&quot;201341983&quot;:0,&quot;335559739&quot;:160,&quot;335559740&quot;:259}\">\u00a0<\/span><\/p>\n<p><span data-contrast=\"auto\">\u201c<\/span><span data-contrast=\"auto\">The staff have been really good.<\/span><span data-contrast=\"auto\">\u00a0<\/span><span data-contrast=\"auto\">Those who have been working here have been so dedicated and so blessed to be back to work and being with their members<\/span><span data-contrast=\"auto\">,\u201d she said.<\/span><span data-ccp-props=\"{&quot;201341983&quot;:0,&quot;335559739&quot;:160,&quot;335559740&quot;:259}\">\u00a0<\/span><\/p>\n<p><span data-contrast=\"auto\">Mary Kellogg\u00a0<\/span><span data-contrast=\"auto\">sums up the heart of UCP\u2019s mission and commitment by emphasizing how fortunate she feels to<\/span><span data-contrast=\"auto\">\u00a0come to work every day.<\/span><span data-ccp-props=\"{&quot;201341983&quot;:0,&quot;335551550&quot;:1,&quot;335551620&quot;:1,&quot;335559739&quot;:160,&quot;335559740&quot;:259}\">\u00a0<\/span><\/p>\n<p><span data-contrast=\"auto\">\u201cI have often been told that I am a special person or that it takes a special person to work with a person who has a disability,\u201d she said. \u201cI have to say that it is an honor and a gift that I am able to serve and support each and every person I come in contact with every day I go to<\/span><span data-contrast=\"auto\">\u00a0work. I have\u00a0<\/span><span data-contrast=\"auto\">learned<\/span><span data-contrast=\"auto\">\u00a0and continue to learn so much as we work and grow together.\u201d<\/span><span data-ccp-props=\"{&quot;201341983&quot;:0,&quot;335551550&quot;:1,&quot;335551620&quot;:1,&quot;335559739&quot;:160,&quot;335559740&quot;:259}\">\u00a0<\/span><\/p>\n\n\t\t<\/div>\n\t<\/div>\n<\/div><\/div><\/div><\/div><\/div><\/div><\/div><div class=\"wpb_column vc_column_container vc_col-sm-12 vc_col-has-fill\"><div class=\"vc_column-inner vc_custom_1605652549970\"><div class=\"wpb_wrapper\"><div class=\"vc_row wpb_row vc_inner vc_row-fluid\"><div class=\"wpb_column vc_column_container vc_col-sm-12\"><div class=\"vc_column-inner\"><div class=\"wpb_wrapper\">\n\t<div class=\"wpb_text_column wpb_content_element\" >\n\t\t<div class=\"wpb_wrapper\">\n\t\t\t<h2 id=\"community-support\"><strong>One Year Ago, Everything Changed<\/strong><\/h2>\n\n\t\t<\/div>\n\t<\/div>\n<\/div><\/div><\/div><\/div><div class=\"vc_row wpb_row vc_inner vc_row-fluid\"><div class=\"wpb_column vc_column_container vc_col-sm-6\"><div class=\"vc_column-inner\"><div class=\"wpb_wrapper\">\n\t<div class=\"wpb_text_column wpb_content_element vc_custom_1619762838174\" >\n\t\t<div class=\"wpb_wrapper\">\n\t\t\t<p><span data-contrast=\"auto\"><img decoding=\"async\" loading=\"lazy\" class=\"size-medium wp-image-8733 alignleft\" src=\"https:\/\/ucpofcentralaz.org\/wp-content\/uploads\/IMG_2228-2-300x225.jpg\" alt=\"\" width=\"300\" height=\"225\" title=\"\" srcset=\"https:\/\/ucpofcentralaz.org\/wp-content\/uploads\/IMG_2228-2-300x225.jpg 300w, https:\/\/ucpofcentralaz.org\/wp-content\/uploads\/IMG_2228-2-scaled-600x450.jpg 600w, https:\/\/ucpofcentralaz.org\/wp-content\/uploads\/IMG_2228-2-1024x768.jpg 1024w, https:\/\/ucpofcentralaz.org\/wp-content\/uploads\/IMG_2228-2-768x576.jpg 768w, https:\/\/ucpofcentralaz.org\/wp-content\/uploads\/IMG_2228-2-1536x1152.jpg 1536w, https:\/\/ucpofcentralaz.org\/wp-content\/uploads\/IMG_2228-2-2048x1536.jpg 2048w, https:\/\/ucpofcentralaz.org\/wp-content\/uploads\/IMG_2228-2-16x12.jpg 16w\" sizes=\"auto, (max-width: 300px) 100vw, 300px\" \/>When we reflect\u00a0<\/span><span data-contrast=\"auto\">on where UCP of Central Arizona was one year ago<\/span><span data-contrast=\"auto\">\u00a0when the world changed<\/span><span data-contrast=\"auto\">, it can be difficult to <\/span><span data-contrast=\"auto\">accurately\u00a0<\/span><span data-contrast=\"auto\">calculate the effects of a<\/span><span data-contrast=\"auto\">n unprecedented global pandemic<\/span><span data-contrast=\"auto\">\u00a0and how UCP rose to combat them.<\/span><span data-ccp-props=\"{&quot;201341983&quot;:0,&quot;335559739&quot;:160,&quot;335559740&quot;:259}\">\u00a0<\/span><span data-contrast=\"auto\">Do we\u00a0<\/span><span data-contrast=\"auto\">count the number of masks that have been worn by our employees and families over the past year? The number of\u00a0<\/span><span data-contrast=\"auto\">boxes of\u00a0<\/span><span data-contrast=\"auto\">plastic gloves<\/span><span data-contrast=\"auto\">\u00a0opened<\/span><span data-contrast=\"auto\">? The bottles of hand sanitizer used?<\/span><span data-ccp-props=\"{&quot;201341983&quot;:0,&quot;335559739&quot;:160,&quot;335559740&quot;:259}\">\u00a0<\/span><\/p>\n<p><span data-contrast=\"auto\">Do we marvel at\u00a0<\/span><span data-contrast=\"auto\">our<\/span><span data-contrast=\"auto\">\u00a0pediatric therapy clinic\u2019s ability to switch to teletherapy sessions almost overnigh<\/span><span data-contrast=\"auto\">t<\/span><span data-contrast=\"auto\">? T<\/span><span data-contrast=\"auto\">he number of children who were able to successfully continue therapy despite the mandatory shut down<\/span><span data-contrast=\"auto\">?<\/span><span data-ccp-props=\"{&quot;201341983&quot;:0,&quot;335559739&quot;:160,&quot;335559740&quot;:259}\">\u00a0<\/span><\/p>\n<p><span data-contrast=\"auto\">Do we consider the number of times a Home and Community Based Services employee put on their personal protective equipment to go into the home of an individual with a disability who still needed services?<\/span><span data-ccp-props=\"{&quot;201341983&quot;:0,&quot;335559739&quot;:160,&quot;335559740&quot;:259}\">\u00a0<\/span><\/p>\n<p><span data-contrast=\"auto\">When we\u00a0<\/span><span data-contrast=\"auto\">think of\u00a0<\/span><span data-contrast=\"auto\">the\u00a0<\/span><span data-contrast=\"auto\">impact<\/span><span data-contrast=\"auto\">\u00a0of an unprecedented pandemic, our first instinct might be to<\/span><span data-contrast=\"auto\">\u00a0count the days and weeks and months our Early Learning Center, in-person therapy services, and Day Treatment and Training programs were closed<\/span><span data-contrast=\"auto\">\u00a0for\u00a0<\/span><span data-contrast=\"auto\">the\u00a0<\/span><span data-contrast=\"auto\">safety<\/span><span data-contrast=\"auto\">\u00a0of our families<\/span><span data-contrast=\"auto\">.<\/span><span data-ccp-props=\"{&quot;201341983&quot;:0,&quot;335559739&quot;:160,&quot;335559740&quot;:259}\">\u00a0<\/span><\/p>\n<p>But would it be more accurate to measure impact in the shrieks of joy from the children back in August as they<\/p>\n\n\t\t<\/div>\n\t<\/div>\n<div class=\"vc_empty_space\"   style=\"height: 12px\"><span class=\"vc_empty_space_inner\"><\/span><\/div><\/div><\/div><\/div><div class=\"wpb_column vc_column_container vc_col-sm-6\"><div class=\"vc_column-inner\"><div class=\"wpb_wrapper\">\n\t<div class=\"wpb_text_column wpb_content_element\" >\n\t\t<div class=\"wpb_wrapper\">\n\t\t\t<p><span data-contrast=\"auto\">ran back to their classrooms where their masked teachers awaited them? In the number of ear-to-ear smiles on faces as members re-entered the familiarity at UCP\u2019s Day Treatment and Training program? In the tears of happiness from parents whose children were so excited to see their therapists in-person again?\u00a0\u00a0<\/span><\/p>\n<p><span data-contrast=\"auto\">Would it be accurate\u00a0<\/span><span data-contrast=\"auto\">to<\/span><span data-contrast=\"auto\">\u00a0count the number of donors who graciously continued to give what they could? The number of corporate partners who have stepped up to help us fund our essential programs?<\/span><span data-ccp-props=\"{&quot;201341983&quot;:0,&quot;335559739&quot;:160,&quot;335559740&quot;:259}\">\u00a0<\/span><\/p>\n<p><span data-contrast=\"auto\">And how \u2013 how? \u2013\u00a0\u00a0<\/span><span data-contrast=\"auto\">do\u00a0<\/span><span data-contrast=\"auto\">we\u00a0<\/span><span data-contrast=\"auto\">unequivocally\u00a0<\/span><span data-contrast=\"auto\">measur<\/span><span data-contrast=\"auto\">e the hearts of each employee at UCP whose flexibility, time, patience, passion, expertise, and commitment are the reason we are still here?<\/span><span data-ccp-props=\"{&quot;201341983&quot;:0,&quot;335559739&quot;:160,&quot;335559740&quot;:259}\">\u00a0<\/span><\/p>\n<p><span data-contrast=\"auto\">Do we count the hours<\/span><span data-contrast=\"auto\">\u00a0they worked<\/span><span data-contrast=\"auto\">?\u00a0<\/span><span data-ccp-props=\"{&quot;201341983&quot;:0,&quot;335559739&quot;:160,&quot;335559740&quot;:259}\">\u00a0<\/span><\/p>\n<p><span data-contrast=\"auto\">The number of<\/span><span data-contrast=\"auto\">\u00a0individual<\/span><span data-contrast=\"auto\">\u00a0homes that became offices?\u00a0<\/span><span data-ccp-props=\"{&quot;201341983&quot;:0,&quot;335559739&quot;:160,&quot;335559740&quot;:259}\">\u00a0<\/span><\/p>\n<p><span data-contrast=\"auto\">The m<\/span><span data-contrast=\"auto\">oments\u00a0<\/span><span data-contrast=\"auto\">spent rearranging,\u00a0<\/span><span data-contrast=\"auto\">accommodating<\/span><span data-contrast=\"auto\">,\u00a0<\/span><span data-contrast=\"auto\">modifying, redesigning<\/span><span data-contrast=\"auto\">\u00a0how we deliver services for our children and teens and adults and their families?<\/span><span data-ccp-props=\"{&quot;201341983&quot;:0,&quot;335559739&quot;:160,&quot;335559740&quot;:259}\">\u00a0<\/span><\/p>\n<p><span data-contrast=\"auto\">One year ago, everything changed.<\/span><span data-ccp-props=\"{&quot;201341983&quot;:0,&quot;335559739&quot;:160,&quot;335559740&quot;:259}\">\u00a0<\/span><\/p>\n<p><span data-contrast=\"auto\">Nearly everything.\u00a0<\/span><span data-ccp-props=\"{&quot;201341983&quot;:0,&quot;335559739&quot;:160,&quot;335559740&quot;:259}\">\u00a0<\/span><\/p>\n<p><span data-contrast=\"auto\">The one thing that did not change was the strength of the UCP team and our commitment to our children, teens and adults and their families.\u00a0<\/span><span data-ccp-props=\"{&quot;201341983&quot;:0,&quot;335559739&quot;:160,&quot;335559740&quot;:259}\">\u00a0<\/span><\/p>\n<p><span data-contrast=\"auto\">That alone is\u00a0<\/span><span data-contrast=\"auto\">immeasurable<\/span><span data-contrast=\"auto\">.<\/span><span data-ccp-props=\"{&quot;201341983&quot;:0,&quot;335551550&quot;:1,&quot;335551620&quot;:1,&quot;335559739&quot;:160,&quot;335559740&quot;:259}\">\u00a0<\/span><\/p>\n<p><span data-contrast=\"auto\">And while the impact of the global pandemic<\/span><span data-contrast=\"auto\">\u00a0will lessen over time<\/span><span data-contrast=\"auto\">,<\/span><span data-contrast=\"auto\">\u00a0<\/span><span data-contrast=\"auto\">UCP is determined to ensure that our\u00a0<\/span><span data-contrast=\"auto\">impact<\/span><span data-contrast=\"auto\">\u00a0on those we serve\u00a0<\/span><span data-contrast=\"auto\">will last forever.<\/span><span data-ccp-props=\"{&quot;201341983&quot;:0,&quot;335551550&quot;:1,&quot;335551620&quot;:1,&quot;335559739&quot;:160,&quot;335559740&quot;:259}\">\u00a0<\/span><\/p>\n\n\t\t<\/div>\n\t<\/div>\n<div class=\"vc_empty_space\"   style=\"height: 12px\"><span class=\"vc_empty_space_inner\"><\/span><\/div><\/div><\/div><\/div><\/div><\/div><\/div><\/div><\/div><div class=\"vc_row wpb_row vc_row-fluid\"><div class=\"wpb_column vc_column_container vc_col-sm-12\"><div class=\"vc_column-inner\"><div class=\"wpb_wrapper\"><div class=\"vc_empty_space\"   style=\"height: 20px\"><span class=\"vc_empty_space_inner\"><\/span><\/div>\n\t<div class=\"wpb_text_column wpb_content_element\" >\n\t\t<div class=\"wpb_wrapper\">\n\t\t\t<p><a href=\"https:\/\/ucpofcentralaz.org\/donate\/\" target=\"_blank\" rel=\"noopener\"><img decoding=\"async\" loading=\"lazy\" class=\"aligncenter wp-image-123 \" src=\"https:\/\/ucpofcentralaz.org\/wp-content\/uploads\/2019\/09\/footer-btn-img-1.png\" alt=\"Donate Now\" width=\"227\" height=\"79\" title=\"\"><\/a><\/p>\n<p>Great news Arizona Residents! Due to the COVID-19 pandemic, the deadline to file your taxes has been extended until May 17, 2021. This also means you still have time to take advantage of the AZ Charitable Tax Credit, where you can donate up to $800 to your favorite qualifying charity and receive it back on your 2020 tax returns. \u00a0If you already filed your taxes then you can claim your donation next year in your 2021 tax returns. If you are filing your taxes as single, the max allowable tax credit donation is $400. If you are filing married the max allowable tax credit donation is $800.<\/p>\n<p>________________________________________________________________________________________________________________________________<\/p>\n<h3><strong><img decoding=\"async\" loading=\"lazy\" class=\" wp-image-8663 alignleft\" src=\"https:\/\/ucpofcentralaz.org\/wp-content\/uploads\/Save-the-Date-The-Champion-Within-Oct-9-2021-6-300x114.png\" alt=\"\" width=\"532\" height=\"202\" title=\"\" srcset=\"https:\/\/ucpofcentralaz.org\/wp-content\/uploads\/Save-the-Date-The-Champion-Within-Oct-9-2021-6-300x114.png 300w, https:\/\/ucpofcentralaz.org\/wp-content\/uploads\/Save-the-Date-The-Champion-Within-Oct-9-2021-6-600x228.png 600w, https:\/\/ucpofcentralaz.org\/wp-content\/uploads\/Save-the-Date-The-Champion-Within-Oct-9-2021-6-768x292.png 768w, https:\/\/ucpofcentralaz.org\/wp-content\/uploads\/Save-the-Date-The-Champion-Within-Oct-9-2021-6-16x6.png 16w, https:\/\/ucpofcentralaz.org\/wp-content\/uploads\/Save-the-Date-The-Champion-Within-Oct-9-2021-6.png 828w\" sizes=\"auto, (max-width: 532px) 100vw, 532px\" \/>Calling Corporate Partners: <\/strong>After over a year of no social gatherings, we are excited to announce our in person Gala this Fall 2021. <a href=\"https:\/\/ucpofcentralaz.org\/wp-content\/uploads\/UCP-the-Champion-Within-Sponsorship-Opportunities-4.pdf\"><strong><em>Sponsorship Opportunities<\/em><\/strong><\/a>\u00a0now available.<\/h3>\n<h5 style=\"text-align: left;\"><em>Saturday, October 9th 2021- <\/em><em>Mountain Shadows Resort- Paradise Valley\u00a0<\/em><em>\u00a0 \u00a0 \u00a0 \u00a0 \u00a0 \u00a0 \u00a0 \u00a0 \u00a0 \u00a0 \u00a0 \u00a0 \u00a0 \u00a0 \u00a0 \u00a0 \u00a0 \u00a0 \u00a0 \u00a0 \u00a0\u00a0<\/em><\/h5>\n<p>&nbsp;<\/p>\n<p>________________________________________________________________________________________________________________________________<\/p>\n<h3>UCP of Central Arizona<\/h3>\n<p>1802 W. Parkside Ln Phoenix, AZ 85027<\/p>\n<p>Toll free: (888) 943-5472<br \/>\nTelephone: (602) 943-5472<br \/>\nFAX: (602) 943-4936<br \/>\nE-mail: info@ucpofcentralaz.org<\/p>\n\n\t\t<\/div>\n\t<\/div>\n<\/div><\/div><\/div><\/div>\n<\/div>","protected":false},"excerpt":{"rendered":"<p>Hoy, UCP de Arizona central es una de las organizaciones sin fines de lucro m\u00e1s antiguas y valiosas del estado, y presta servicios a casi 3,000 miembros en una amplia gama de discapacidades y demoras. Pero eso no sucedi\u00f3 de la noche a la ma\u00f1ana. Las personas con discapacidad han librado una larga y ardua batalla por la igualdad y el respeto durante d\u00e9cadas, incluso siglos.<\/p>","protected":false},"author":15,"featured_media":0,"comment_status":"open","ping_status":"open","sticky":false,"template":"","format":"standard","meta":{"nf_dc_page":"","footnotes":""},"categories":[71],"tags":[],"class_list":["post-8729","post","type-post","status-publish","format-standard","hentry","category-newsletter"],"_links":{"self":[{"href":"https:\/\/ucpofcentralaz.org\/es\/wp-json\/wp\/v2\/posts\/8729","targetHints":{"allow":["GET"]}}],"collection":[{"href":"https:\/\/ucpofcentralaz.org\/es\/wp-json\/wp\/v2\/posts"}],"about":[{"href":"https:\/\/ucpofcentralaz.org\/es\/wp-json\/wp\/v2\/types\/post"}],"author":[{"embeddable":true,"href":"https:\/\/ucpofcentralaz.org\/es\/wp-json\/wp\/v2\/users\/15"}],"replies":[{"embeddable":true,"href":"https:\/\/ucpofcentralaz.org\/es\/wp-json\/wp\/v2\/comments?post=8729"}],"version-history":[{"count":1,"href":"https:\/\/ucpofcentralaz.org\/es\/wp-json\/wp\/v2\/posts\/8729\/revisions"}],"predecessor-version":[{"id":8732,"href":"https:\/\/ucpofcentralaz.org\/es\/wp-json\/wp\/v2\/posts\/8729\/revisions\/8732"}],"wp:attachment":[{"href":"https:\/\/ucpofcentralaz.org\/es\/wp-json\/wp\/v2\/media?parent=8729"}],"wp:term":[{"taxonomy":"category","embeddable":true,"href":"https:\/\/ucpofcentralaz.org\/es\/wp-json\/wp\/v2\/categories?post=8729"},{"taxonomy":"post_tag","embeddable":true,"href":"https:\/\/ucpofcentralaz.org\/es\/wp-json\/wp\/v2\/tags?post=8729"}],"curies":[{"name":"wp","href":"https:\/\/api.w.org\/{rel}","templated":true}]}}